{"id":1246,"date":"2014-10-18T17:13:42","date_gmt":"2014-10-18T15:13:42","guid":{"rendered":"http:\/\/adolfotomasini.ch\/?p=1246"},"modified":"2014-10-18T17:13:42","modified_gmt":"2014-10-18T15:13:42","slug":"i-giovani-udc-e-gli-studenti-indottrinati-dai-maestri","status":"publish","type":"post","link":"https:\/\/adolfotomasini.ch\/wordpress\/i-giovani-udc-e-gli-studenti-indottrinati-dai-maestri\/","title":{"rendered":"I giovani UDC e gli studenti indottrinati dai maestri"},"content":{"rendered":"<p>Ai primi di settembre ha avuto qualche eco un\u2019iniziativa dei giovani UDC svizzeri, preoccupati di tutelare la libert\u00e0 di pensiero nella scuola secondaria. I baldi giovani hanno aperto un sito internet che invita gli studenti a denunciare casi di indottrinamento politico: \u00abIl tuo professore ti vuole influenzare? I giovani UDC corrono in tuo aiuto\u00bb. E spiegano: \u00abRiceviamo da tempo segnalazioni da parte di studenti provenienti da tutta la Svizzera relative a professori che criticano l\u2019UDC o minimizzano le atrocit\u00e0 commesse dai comunisti nei loro corsi\u00bb, scrive il presidente del gruppo. Insomma: \u00abFreie Schulen. Stopp der politischen Indoktrination!\u00bb. Non so se i giovani UDC siano convinti sul serio che un insegnante possa indottrinare schiere di adolescenti per il solo fatto di poterli catechizzare un paio d\u2019ore a settimana. Potr\u00e0 essere fastidioso, soprattutto per quel che il professore di turno fa al posto di quel che dovrebbe fare. Ma le cose non funzionano proprio cos\u00ec, almeno nella Svizzera italiana, l\u2019unica regione svizzera di cui posso parlare con cognizione di causa.<\/p>\n<p>Ero poco pi\u00f9 di un quindicenne quando arrivai in Magistrale, subito dopo il sessantotto. \u00c8 innegabile che diversi docenti cercavano di attirarci sulla loro sponda ideologica, e qualche maligno narra che, in quegli anni, succedevano le medesime manovre di persuasione politica a senso unico gi\u00e0 al ginnasio o alla scuola maggiore. Erano anni cos\u00ec. Se avessero ragione i giovani UDC di oggi, quelli della mia generazione dovrebbero essere tutti maoisti, marxisti, leninisti, castristi o almeno socialisteggianti. La mia stagione da giovane l\u2019ho passata ai tempi delle manifestazioni sul Vietnam, il Mato Grosso, Al-Fatah e l\u2019America latina in genere. \u00c8 vero: all\u2019epoca che stavamo vivendo, non essere \u00abin linea\u00bb con i professori pi\u00f9 organici era seccante, perch\u00e9 era di moda dare del fascista a chi era poco interessato al libretto rosso di Mao o alle gesta del \u00abChe\u00bb. Eppure molti di noi hanno preso altre strade politiche, da destra a sinistra, mentre altri non hanno imboccato nessuna via e oggi non vanno neanche a votare o ci vanno a lume di naso, secondo i propri comodi o le fugaci sensazioni di pancia.<\/p>\n<p>I maestri che tendono a far del proselitismo alla buona, vendendo ricette politiche pr\u00eat-\u00e0-porter, sopravvalutano le proprie capacit\u00e0 persuasive. Si credono dei trascinatori, un po\u2019 come tanti che correranno l\u2019anno prossimo per un seggio in qualche parlamento. Pare che tanti insegnanti, anche da noi, votino i partiti di sinistra e dicano cose di sinistra, salvo quando d\u00e0nno le note. Ai politici converrebbe preoccuparsi meno di baggianate come \u00abder politischen Indoktrination\u00bb. L\u2019unica maniera per non farsi buggerare dalle tante sirene che ti solleticano la pancia in vista di elezioni e consultazioni popolari, \u00e8 una scuola forte, dove imparare \u00e8 pi\u00f9 importante che prender belle note, dove coltivare lo spirito critico e sviluppare la speculazione intellettuale, attraverso contenuti fondamentali, diventa una garanzia per un futuro sganciato dalle oligarchie. Perch\u00e9 il solo investimento sicuro nella scuola e nell\u2019educazione \u00e8 quello centrato sul rigore delle conoscenze e sulla capacit\u00e0 degli insegnanti di trasmetterle e di appassionare allievi e studenti. L\u2019educazione alla cittadinanza e alla politica passa di l\u00ec, ma non pu\u00f2 limitarsi a rincorrere teste ben piene, come si fa sempre pi\u00f9 spesso da un po\u2019 di tempo in qua.<\/p>\n<hr \/>\n<p><em>L&#8217;articolo \u00e8 stato pubblicato col titolo redazionale <strong><span style=\"color: #ff9900;\">\u00abSe imparare \u00e8 pi\u00f9 importante che prendere belle note\u00bb<span style=\"color: #000000;\">.<\/span><\/span><\/strong><\/em><\/p>\n","protected":false},"excerpt":{"rendered":"<p>Ai primi di settembre ha avuto qualche eco un\u2019iniziativa dei giovani UDC svizzeri, preoccupati di tutelare la libert\u00e0 di pensiero nella scuola secondaria. I baldi giovani hanno aperto un sito internet che invita gli studenti a denunciare casi di indottrinamento politico: \u00abIl tuo professore ti vuole influenzare? I giovani UDC corrono in tuo aiuto\u00bb. E &hellip; <a href=\"https:\/\/adolfotomasini.ch\/wordpress\/i-giovani-udc-e-gli-studenti-indottrinati-dai-maestri\/\" class=\"more-link\">Continua la lettura di <span class=\"screen-reader-text\">I giovani UDC e gli studenti indottrinati dai maestri<\/span> <span class=\"meta-nav\">&rarr;<\/span><\/a><\/p>\n","protected":false},"author":2,"featured_media":0,"comment_status":"open","ping_status":"closed","sticky":false,"template":"","format":"standard","meta":{"footnotes":""},"categories":[5],"tags":[],"class_list":["post-1246","post","type-post","status-publish","format-standard","hentry","category-fuori-dallaula"],"_links":{"self":[{"href":"https:\/\/adolfotomasini.ch\/wordpress\/wp-json\/wp\/v2\/posts\/1246","targetHints":{"allow":["GET"]}}],"collection":[{"href":"https:\/\/adolfotomasini.ch\/wordpress\/wp-json\/wp\/v2\/posts"}],"about":[{"href":"https:\/\/adolfotomasini.ch\/wordpress\/wp-json\/wp\/v2\/types\/post"}],"author":[{"embeddable":true,"href":"https:\/\/adolfotomasini.ch\/wordpress\/wp-json\/wp\/v2\/users\/2"}],"replies":[{"embeddable":true,"href":"https:\/\/adolfotomasini.ch\/wordpress\/wp-json\/wp\/v2\/comments?post=1246"}],"version-history":[{"count":0,"href":"https:\/\/adolfotomasini.ch\/wordpress\/wp-json\/wp\/v2\/posts\/1246\/revisions"}],"wp:attachment":[{"href":"https:\/\/adolfotomasini.ch\/wordpress\/wp-json\/wp\/v2\/media?parent=1246"}],"wp:term":[{"taxonomy":"category","embeddable":true,"href":"https:\/\/adolfotomasini.ch\/wordpress\/wp-json\/wp\/v2\/categories?post=1246"},{"taxonomy":"post_tag","embeddable":true,"href":"https:\/\/adolfotomasini.ch\/wordpress\/wp-json\/wp\/v2\/tags?post=1246"}],"curies":[{"name":"wp","href":"https:\/\/api.w.org\/{rel}","templated":true}]}}