{"id":3209,"date":"2016-12-20T00:08:07","date_gmt":"2016-12-19T23:08:07","guid":{"rendered":"http:\/\/adolfotomasini.ch\/wordpress\/?p=3209"},"modified":"2017-03-06T15:41:47","modified_gmt":"2017-03-06T14:41:47","slug":"un-attentato-e-un-romanzo-contro-i-pregiudizi","status":"publish","type":"post","link":"https:\/\/adolfotomasini.ch\/wordpress\/un-attentato-e-un-romanzo-contro-i-pregiudizi\/","title":{"rendered":"Un attentato e un romanzo contro i pregiudizi"},"content":{"rendered":"<p>Com\u2019era gi\u00e0 capitato nel luglio scorso, l\u2019inserto culturale del <em>Corriere del Ticino<\/em> ha dedicato alcune pagine, in queste ultime settimane, ad\u00a0 alcune <a href=\"http:\/\/adolfotomasini.ch\/wordpress\/wp-content\/uploads\/2016\/12\/CDT_corrieredelticino_20161219_23.pdf\">segnalazioni librarie da parte delle sue firme<\/a>. Sono una firma sporadica e irregolare, ma pubblico la mia rubrica, <em>Fuori dall\u2019aula, <\/em>sin dal 29 agosto 2001. In luglio non mi ero sottratto al mio ruolo <em>fuori dall\u2019aula,<\/em> e avevo segnalato un volumetto esplicitamente rivolto al mondo della scuola: <a href=\"http:\/\/adolfotomasini.ch\/wordpress\/?p=2951\" target=\"_blank\">\u00abTutta un\u2019altra scuola! (quella di oggi ha i giorni contati)\u00bb<\/a>.<\/p>\n<p>Stavolta, invece, ho pescato nella letteratura \u201cnormale\u201d. Un po\u2019 istintivamente ho segnalato un romanzo del 2005, ripubblicato quest\u2019anno dall\u2019editore Sellerio: <em>L\u2019attentato, <\/em>di Yasmina Khadra.<\/p>\n<p><a href=\"http:\/\/adolfotomasini.ch\/wordpress\/wp-content\/uploads\/2016\/12\/Copertina-Lattentato.gif\"><img loading=\"lazy\" decoding=\"async\" class=\"aligncenter wp-image-3208 size-large\" src=\"http:\/\/adolfotomasini.ch\/wordpress\/wp-content\/uploads\/2016\/12\/Copertina-Lattentato-736x1024.gif\" width=\"474\" height=\"659\" srcset=\"https:\/\/adolfotomasini.ch\/wordpress\/wp-content\/uploads\/2016\/12\/Copertina-Lattentato-736x1024.gif 736w, https:\/\/adolfotomasini.ch\/wordpress\/wp-content\/uploads\/2016\/12\/Copertina-Lattentato-216x300.gif 216w, https:\/\/adolfotomasini.ch\/wordpress\/wp-content\/uploads\/2016\/12\/Copertina-Lattentato-600x835.gif 600w\" sizes=\"auto, (max-width: 474px) 100vw, 474px\" \/><\/a><\/p>\n<p><em>\u00c8 la storia di Amin Jaafari, un beduino naturalizzato in Israele, che fa il chirurgo a Tel Aviv. \u00c8 un uomo di successo, ben integrato nella societ\u00e0 in cui vive. Poi, all\u2019improvviso, un attentato: un kamikaze che si fa esplodere in mezzo alla folla, la strage raccontata da tante cronache. I feriti arrivano all\u2019ospedale. Sono ore concitate. Il chirurgo agisce mentre il pensiero s\u2019interroga sui motivi oscuri della barbarie. Scoprir\u00e0 presto che l\u2019attentatrice \u00e8 Sihem, la sua bella moglie. E lui, che in fondo \u00e8 ancora considerato un arabo, sar\u00e0 il complice designato. Yasmina Khadra ci lascia un romanzo di grande attualit\u00e0, una storia che fa riflettere su tanti pregiudizi.<\/em><\/p>\n<p>Yasmina Khadra \u00e8 un <em>nom de plume.<\/em> Nato nel 1955 in Algeria, Mohammed Moulessehoul, questo il suo vero nome, esord\u00ec come scrittore nel 1984. Ma i suoi racconti non furono graditi all\u2019esercito, di cui era membro. Cos\u00ec continu\u00f2 a scrivere come Yasmina Khadra, un nome femminile che altro non \u00e8 se non i due nomi della moglie. Nell\u2019edizione francese di Wikipedia si trova un\u2019esaustiva, bench\u00e9 sintetica, descrizione <a href=\"https:\/\/fr.wikipedia.org\/wiki\/Yasmina_Khadra#.C5.92uvres\" target=\"_blank\">dell\u2019autore e della sua opera<\/a>.<\/p>\n<p>Perch\u00e9 scegliere questo autore e questo romanzo per una segnalazione pre-natalizia?<\/p>\n<p>Difficile rispondere, ma, come tutta la letteratura, anche <em>L\u2019attentato<\/em> educa. Da pedagogista e da cittadino preoccupato per gli schematismi, le chiusure culturali e i tanti muri reali e virtuali che affollano il nostro vivere giorno dopo giorno, ho ritenuto importante proporre questo scrittore e la sua opera, che aiuta a svelare i pregiudizi e, perch\u00e9 no?, a leggerli in chiave diversa dalle prime idee che saltano in mente: che, spesso, sono poi quelle veicolate dai mass-media e da ci\u00f2 che pi\u00f9 fa comodo. Quando un kamikaze agisce, in nome di un dio o di un Dio, ammazza spesso alla cieca, incurante delle fedi e delle credenze delle sue vittime.<\/p>\n<p>Mohammed Moulessehoul ha scritto, in un altro romanzo <em>(Gli angeli muoiono delle nostre ferite,<\/em> romanzo del 2013 pubblicato l\u2019anno dopo in italiano):<\/p>\n<p><em>\u00abGli uomini non vedono le cose, inseguono le loro fantasie\u00bb.<\/em><\/p>\n<p><em>\u00abE le donne?\u00bb.<\/em><\/p>\n<p><em>\u00abLe donne non pensano come gli uomini. Noi pensiamo come si deve. Voi badate solo ai fatti vostri. Noi cogliamo subito l\u2019essenziale, mentre voi vi disperdete in strade secondarie. La felicit\u00e0 per noi sta nell\u2019armonia che ci circonda. Per voi, nella conquista e nell\u2019eccesso. Fuggite come la peste ci\u00f2 che \u00e8 evidente, e cercate altrove ci\u00f2 che avete a portata di mano. Cos\u00ec finite col perdere di vista quello che era gi\u00e0 vostro\u00bb.<\/em><\/p>\n<p>D\u2019altronde il nome del protagonista di questo romanzo, che si svolge nell\u2019Algeria francese, \u00e8 Turambo e deriva da Arthur Rimbaud.<\/p>\n<hr \/>\n<p>Mentre rileggevo e rifinivo questo post, \u00e8 giunta la tragica notizia della strage di Berlino, dove un TIR si \u00e8 schiantato sulla folla del\u00a0 mercatino natalizio davanti al Kaiser-Wilhelm-Ged\u00e4chtniskirche, nella centralissima Kurf\u00fcrstendamm: nove morti e almeno cinquanta feriti, stando alle notizie dell\u2019ora in cui scrivo.<\/p>\n<p>Ho esitato a premere il bottone \u00abPubblica\u00bb. Ma credo che sarebbe stato infame e meschino tacere, solo perch\u00e9, tanto, nessuno l&#8217;avrebbe saputo. E perch\u00e9, inevitabilmente, l\u2019attacco proditorio nel centro di Berlino attizzer\u00e0 le Leghe, le <em>Alternative f\u00fcr Deutschland,<\/em> i <em>Front national<\/em> e i tanti movimenti analoghi in Europa e nel mondo.<\/p>\n","protected":false},"excerpt":{"rendered":"<p>Com\u2019era gi\u00e0 capitato nel luglio scorso, l\u2019inserto culturale del Corriere del Ticino ha dedicato alcune pagine, in queste ultime settimane, ad\u00a0 alcune segnalazioni librarie da parte delle sue firme. Sono una firma sporadica e irregolare, ma pubblico la mia rubrica, Fuori dall\u2019aula, sin dal 29 agosto 2001. In luglio non mi ero sottratto al mio &hellip; <a href=\"https:\/\/adolfotomasini.ch\/wordpress\/un-attentato-e-un-romanzo-contro-i-pregiudizi\/\" class=\"more-link\">Continua la lettura di <span class=\"screen-reader-text\">Un attentato e un romanzo contro i pregiudizi<\/span> <span class=\"meta-nav\">&rarr;<\/span><\/a><\/p>\n","protected":false},"author":2,"featured_media":0,"comment_status":"open","ping_status":"closed","sticky":false,"template":"","format":"standard","meta":{"footnotes":""},"categories":[10],"tags":[],"class_list":["post-3209","post","type-post","status-publish","format-standard","hentry","category-segnalazioni"],"_links":{"self":[{"href":"https:\/\/adolfotomasini.ch\/wordpress\/wp-json\/wp\/v2\/posts\/3209","targetHints":{"allow":["GET"]}}],"collection":[{"href":"https:\/\/adolfotomasini.ch\/wordpress\/wp-json\/wp\/v2\/posts"}],"about":[{"href":"https:\/\/adolfotomasini.ch\/wordpress\/wp-json\/wp\/v2\/types\/post"}],"author":[{"embeddable":true,"href":"https:\/\/adolfotomasini.ch\/wordpress\/wp-json\/wp\/v2\/users\/2"}],"replies":[{"embeddable":true,"href":"https:\/\/adolfotomasini.ch\/wordpress\/wp-json\/wp\/v2\/comments?post=3209"}],"version-history":[{"count":0,"href":"https:\/\/adolfotomasini.ch\/wordpress\/wp-json\/wp\/v2\/posts\/3209\/revisions"}],"wp:attachment":[{"href":"https:\/\/adolfotomasini.ch\/wordpress\/wp-json\/wp\/v2\/media?parent=3209"}],"wp:term":[{"taxonomy":"category","embeddable":true,"href":"https:\/\/adolfotomasini.ch\/wordpress\/wp-json\/wp\/v2\/categories?post=3209"},{"taxonomy":"post_tag","embeddable":true,"href":"https:\/\/adolfotomasini.ch\/wordpress\/wp-json\/wp\/v2\/tags?post=3209"}],"curies":[{"name":"wp","href":"https:\/\/api.w.org\/{rel}","templated":true}]}}