{"id":3458,"date":"2017-03-21T21:21:43","date_gmt":"2017-03-21T20:21:43","guid":{"rendered":"http:\/\/adolfotomasini.ch\/wordpress\/?p=3458"},"modified":"2022-05-07T16:10:19","modified_gmt":"2022-05-07T14:10:19","slug":"invito-a-una-bella-serata-un-incontro-tra-due-scrittori-che-discutono-del-lavoro-di-crescere","status":"publish","type":"post","link":"https:\/\/adolfotomasini.ch\/wordpress\/invito-a-una-bella-serata-un-incontro-tra-due-scrittori-che-discutono-del-lavoro-di-crescere\/","title":{"rendered":"Invito a una bella serata: un incontro con due scrittori che discutono del lavoro di crescere"},"content":{"rendered":"<blockquote><p>Ne parlo anche perch\u00e9 ci ho ficcato il naso.<\/p>\n<p>Lo so, \u00e8 una brutta abitudine quella di mettere il becco nelle faccende altrui. E s\u00ec, concordo: mi si pu\u00f2 inquisire per correit\u00e0.<\/p>\n<p>A mia discolpa posso dire che \u00e8 bello lavorare con gli amici del <a href=\"http:\/\/www.supsi.ch\/dfa\/ricerca\/centri-competenza\/dils\" target=\"_blank\" rel=\"noopener\">DILS, il Centro competenze didattica dell\u2019italiano lingua di scolarizzazione<\/a>, di cui \u00e8 responsabile Simone Fornara.<\/p>\n<p>Parto dal centro: l\u2019<strong>appuntamento \u00e8 per gioved\u00ec 30 marzo alle 17.30<\/strong>, nell\u2019aula magna dell\u2019ex scuola magistrale cantonale, in Piazza San Francesco a Locarno, dov\u2019\u00e8 in programma un incontro che sar\u00e0 nel contempo simpatico e di grande interesse.<\/p>\n<p>Titolo: <a href=\"http:\/\/www.supsi.ch\/dfa\/eventi-comunicazioni\/eventi\/2017\/2017-03-30.html\" target=\"_blank\" rel=\"noopener\"><strong>Il lavoro di crescere nel colloquio<\/strong><strong>\u2028 <\/strong><strong>tra due scrittori<\/strong><\/a>.<\/p>\n<p>Protagonisti: due scrittori, due romanzi, una conduttrice e una lettrice. E poi il pubblico, che mi auguro numeroso e appassionato.<\/p><\/blockquote>\n<hr \/>\n<p><strong><a href=\"http:\/\/adolfotomasini.ch\/wordpress\/?attachment_id=3455\" rel=\"attachment wp-att-3455\"><img loading=\"lazy\" decoding=\"async\" class=\"alignleft wp-image-3455 size-medium\" src=\"http:\/\/adolfotomasini.ch\/wordpress\/wp-content\/uploads\/2017\/03\/Di-Stefano-1-300x223.jpg\" alt=\"\" width=\"300\" height=\"223\" srcset=\"https:\/\/adolfotomasini.ch\/wordpress\/wp-content\/uploads\/2017\/03\/Di-Stefano-1-300x223.jpg 300w, https:\/\/adolfotomasini.ch\/wordpress\/wp-content\/uploads\/2017\/03\/Di-Stefano-1-768x570.jpg 768w, https:\/\/adolfotomasini.ch\/wordpress\/wp-content\/uploads\/2017\/03\/Di-Stefano-1.jpg 1024w, https:\/\/adolfotomasini.ch\/wordpress\/wp-content\/uploads\/2017\/03\/Di-Stefano-1-600x445.jpg 600w\" sizes=\"auto, (max-width: 300px) 100vw, 300px\" \/><\/a>Paolo Di Stefano<\/strong> (Avola, 1956) \u00e8 inviato speciale del <em>Corriere della Sera. <\/em>\u00c8 autore di numerosi romanzi tra cui <em>\u00abBaci da non ripetere\u00bb<\/em> (1994), <em>\u00abAzzurro troppo azzurro\u00bb<\/em> (1996, Premio Grinzane Cavour), <em>\u00abTutti contenti\u00bb<\/em> (2003, Superpremio Vittorini e Superpremio Flaiano), <em>\u00abAiutami tu\u00bb<\/em> (2005, SuperMondello), <em>\u00abLa catastr\u00f2fa\u00bb<\/em> (2011, Premio Volponi), <em>\u00abGiallo d\u2019Avola\u00bb<\/em> (2013, Premio Viareggio-R\u00e8paci), <em>\u00abOgni altra vita\u00bb<\/em> (2015, Premio Bagutta), <em>\u00abI pesci devono nuotare\u00bb<\/em> (2016).<\/p>\n<p><strong><a href=\"http:\/\/adolfotomasini.ch\/wordpress\/?attachment_id=3454\" rel=\"attachment wp-att-3454\"><img loading=\"lazy\" decoding=\"async\" class=\"alignright wp-image-3454 size-medium\" src=\"http:\/\/adolfotomasini.ch\/wordpress\/wp-content\/uploads\/2017\/03\/DellAgnola-300x185.jpeg\" alt=\"\" width=\"300\" height=\"185\" srcset=\"https:\/\/adolfotomasini.ch\/wordpress\/wp-content\/uploads\/2017\/03\/DellAgnola-300x185.jpeg 300w, https:\/\/adolfotomasini.ch\/wordpress\/wp-content\/uploads\/2017\/03\/DellAgnola-600x369.jpeg 600w, https:\/\/adolfotomasini.ch\/wordpress\/wp-content\/uploads\/2017\/03\/DellAgnola.jpeg 640w\" sizes=\"auto, (max-width: 300px) 100vw, 300px\" \/><\/a>Daniele Dell\u2019Agnola<\/strong>, classe 1976, \u00e8 docente alla SUPSI, insegnante di italiano alle medie, autore di romanzi, tra i quali <em>\u00abMelinda se ne infischia\u00bb<\/em> (2008), <em>\u00abBaciare non \u00e8 come aprire una scatoletta di tonno\u00bb<\/em> (2014, con pi\u00e8ce teatrale tradotta in francese e tedesco),<em> \u00abAnche i bruchi volano\u00bb<\/em> (2016). Ha ideato per il Corriere del Ticino la rubrica di narrativa <em>Il bidello Ulisse,<\/em> che \u00e8 diventato un format su Teleticino, dove presenta libri per bambini e ragazzi.<\/p>\n<p><a href=\"http:\/\/adolfotomasini.ch\/wordpress\/?attachment_id=3456\" rel=\"attachment wp-att-3456\"><img loading=\"lazy\" decoding=\"async\" class=\"alignleft wp-image-3456 size-medium\" src=\"http:\/\/adolfotomasini.ch\/wordpress\/wp-content\/uploads\/2017\/03\/I-pesci-devono-nuotare-198x300.jpg\" alt=\"\" width=\"198\" height=\"300\" \/><\/a>Di Stefano narra una storia vera, quella di Selim, un ragazzo egiziano che, con l\u2019incoscienza e la forza dei suoi diciassette anni, attraversa il deserto e la Libia, fino a raggiungere il mare e imbarcarsi per l\u2019Italia. Dopo fatiche, stenti e preghiere sussurrate, il viaggio lo conduce in Sicilia, insieme a centinaia di migranti in cerca di sogni. Il suo \u00e8 il pi\u00f9 grande e ambizioso: vuole un riscatto dall\u2019infanzia che si \u00e8 lasciato alle spalle, parlare l\u2019italiano meglio degli italiani, costruirsi un futuro. Selim, a Milano, non \u00e8 solo. Dentro e accanto alla sua vita ne scorrono altre, meno luminose ma altrettanto esemplari: la dolce Marlene, il ruvido Raymon, l\u2019amico Tawfik e alcuni misteriosi angeli protettori, in un mondo che cambia velocemente, dove si innalzano barriere per difendersi da ci\u00f2 che non conosciamo.<\/p>\n<p><a href=\"http:\/\/adolfotomasini.ch\/wordpress\/?attachment_id=3452\" rel=\"attachment wp-att-3452\"><img loading=\"lazy\" decoding=\"async\" class=\"alignright wp-image-3452 size-full\" src=\"http:\/\/adolfotomasini.ch\/wordpress\/wp-content\/uploads\/2017\/03\/Anche-i-bruchi-volano.jpg\" alt=\"\" width=\"144\" height=\"203\" \/><\/a>Anche la storia di Dell\u2019Agnola parla di adolescenti, ragazzi e ragazze in bilico tra una fanciullezza pi\u00f9 o meno felice e un\u2019et\u00e0 adulta misteriosa e che pu\u00f2 intimorire. Felix, dodicenne in affanno, iperattivo e ribelle, vive in un quartiere ai margini della citt\u00e0. Ama la cultura, odia la scuola e Marcello Porcello, figlio del pediatra che gli somministra metilfenidato come fosse cioccolata. Si rifiuta di frequentare la scuola, cos\u00ec \u00e8 seguito da un\u2019orda di psicologi, pedagogisti, medici e specialisti, che lui definisce i \u00abdraghi drugugubri\u00bb. Un giorno incontra Alice, misteriosa ragazzina piuttosto vivace. Con lei e altri amici vivranno una metamorfosi grazie ad avventure e tragedie, alle prime esperienze sessuali e al desiderio di scontrarsi, misurarsi\u2026 e volare.<\/p>\n<p><a href=\"http:\/\/adolfotomasini.ch\/wordpress\/?attachment_id=3453\" rel=\"attachment wp-att-3453\"><img loading=\"lazy\" decoding=\"async\" class=\"alignright wp-image-3453\" src=\"http:\/\/adolfotomasini.ch\/wordpress\/wp-content\/uploads\/2017\/03\/Christelle-Campana-225x300.jpg\" alt=\"\" width=\"142\" height=\"189\" srcset=\"https:\/\/adolfotomasini.ch\/wordpress\/wp-content\/uploads\/2017\/03\/Christelle-Campana-225x300.jpg 225w, https:\/\/adolfotomasini.ch\/wordpress\/wp-content\/uploads\/2017\/03\/Christelle-Campana.jpg 768w, https:\/\/adolfotomasini.ch\/wordpress\/wp-content\/uploads\/2017\/03\/Christelle-Campana-600x800.jpg 600w\" sizes=\"auto, (max-width: 142px) 100vw, 142px\" \/><\/a><strong>Christelle Campana<\/strong>, giornalista del TG della Radiotelevisione svizzera, sar\u00e0 la conduttrice della serata.<\/p>\n<p>&nbsp;<\/p>\n<p>&nbsp;<\/p>\n<p>&nbsp;<\/p>\n<p><a href=\"http:\/\/adolfotomasini.ch\/wordpress\/?attachment_id=3457\" rel=\"attachment wp-att-3457\"><img loading=\"lazy\" decoding=\"async\" class=\"alignright wp-image-3457 size-full\" src=\"http:\/\/adolfotomasini.ch\/wordpress\/wp-content\/uploads\/2017\/03\/Sara-GIULIVI.jpg\" alt=\"\" width=\"142\" height=\"142\" \/><\/a><strong>Sara Giulivi<\/strong>, docente e ricercatrice al DFA della SUPSI, che ha alle spalle una formazione come attrice presso il Centro Teatro Internazionale di Firenze, legger\u00e0 alcune pagine significative dei due romanzi.<\/p>\n<p>&nbsp;<\/p>\n<p>Spero davvero di salutare un pubblico numeroso, perch\u00e9 ne varr\u00e0 la pena.<\/p>\n","protected":false},"excerpt":{"rendered":"<p>Ne parlo anche perch\u00e9 ci ho ficcato il naso. Lo so, \u00e8 una brutta abitudine quella di mettere il becco nelle faccende altrui. E s\u00ec, concordo: mi si pu\u00f2 inquisire per correit\u00e0. A mia discolpa posso dire che \u00e8 bello lavorare con gli amici del DILS, il Centro competenze didattica dell\u2019italiano lingua di scolarizzazione, di &hellip; <a href=\"https:\/\/adolfotomasini.ch\/wordpress\/invito-a-una-bella-serata-un-incontro-tra-due-scrittori-che-discutono-del-lavoro-di-crescere\/\" class=\"more-link\">Continua la lettura di <span class=\"screen-reader-text\">Invito a una bella serata: un incontro con due scrittori che discutono del lavoro di crescere<\/span> <span class=\"meta-nav\">&rarr;<\/span><\/a><\/p>\n","protected":false},"author":2,"featured_media":0,"comment_status":"open","ping_status":"closed","sticky":false,"template":"","format":"standard","meta":{"footnotes":""},"categories":[3,10],"tags":[19,31,17,36,30],"class_list":["post-3458","post","type-post","status-publish","format-standard","hentry","category-attualita","category-segnalazioni","tag-fare-cultura-nella-scuola-dellobbligo","tag-indifferenza-alle-differenze","tag-limportanza-dellarte","tag-leggere-scrivere-ascoltare-e-parlare","tag-pari-opportunita"],"_links":{"self":[{"href":"https:\/\/adolfotomasini.ch\/wordpress\/wp-json\/wp\/v2\/posts\/3458","targetHints":{"allow":["GET"]}}],"collection":[{"href":"https:\/\/adolfotomasini.ch\/wordpress\/wp-json\/wp\/v2\/posts"}],"about":[{"href":"https:\/\/adolfotomasini.ch\/wordpress\/wp-json\/wp\/v2\/types\/post"}],"author":[{"embeddable":true,"href":"https:\/\/adolfotomasini.ch\/wordpress\/wp-json\/wp\/v2\/users\/2"}],"replies":[{"embeddable":true,"href":"https:\/\/adolfotomasini.ch\/wordpress\/wp-json\/wp\/v2\/comments?post=3458"}],"version-history":[{"count":0,"href":"https:\/\/adolfotomasini.ch\/wordpress\/wp-json\/wp\/v2\/posts\/3458\/revisions"}],"wp:attachment":[{"href":"https:\/\/adolfotomasini.ch\/wordpress\/wp-json\/wp\/v2\/media?parent=3458"}],"wp:term":[{"taxonomy":"category","embeddable":true,"href":"https:\/\/adolfotomasini.ch\/wordpress\/wp-json\/wp\/v2\/categories?post=3458"},{"taxonomy":"post_tag","embeddable":true,"href":"https:\/\/adolfotomasini.ch\/wordpress\/wp-json\/wp\/v2\/tags?post=3458"}],"curies":[{"name":"wp","href":"https:\/\/api.w.org\/{rel}","templated":true}]}}