{"id":3521,"date":"2017-04-07T23:56:58","date_gmt":"2017-04-07T21:56:58","guid":{"rendered":"https:\/\/adolfotomasini.ch\/wordpress\/?p=3521"},"modified":"2022-05-07T16:52:08","modified_gmt":"2022-05-07T14:52:08","slug":"il-lavoro-di-crescere-nel-colloquio-con-due-scrittori","status":"publish","type":"post","link":"https:\/\/adolfotomasini.ch\/wordpress\/il-lavoro-di-crescere-nel-colloquio-con-due-scrittori\/","title":{"rendered":"Il lavoro di crescere nel colloquio con due scrittori"},"content":{"rendered":"<p><em>Questo articolo \u00e8 stato pubblicato dal <\/em>Corriere del Ticino<em> del 7 aprile 2017. Esso si riferisce a un incontro promosso dal DFA\/SUPSI <\/em>(<a href=\"https:\/\/adolfotomasini.ch\/wordpress\/?p=3458\" target=\"_blank\" rel=\"noopener noreferrer\">Invito a una bella serata\u2026<\/a>).<em> Contrariamente alle mie abitudini, in calce al testo si trovano alcuni documenti interessanti, che testimoniano alcuni aspetti di questa giornata.<\/em><\/p>\n<hr \/>\n<p>Ho avuto l\u2019opportunit\u00e0, qualche giorno fa, di accompagnare per l\u2019intera giornata due scrittori che hanno parlato di s\u00e9, del proprio lavoro e di due loro romanzi con un gruppo di allievi di III e IV media di Locarno, per poi chiudere la giornata con un pubblico di adulti: una platea piuttosto rada, per la serie \u00abpochi ma buoni\u00bb. Paolo Di Stefano, scrittore e inviato del Corriere della Sera, e Daniele Dell\u2019Agnola, insegnante e scrittore, si sono messi in gioco prendendo le mosse dai loro recenti romanzi \u00abI pesci devono nuotare\u00bb e \u00abAnche i bruchi volano\u00bb. Sono rimasto piacevolmente sorpreso dalle ragazze e dai ragazzi, incontrati in due gruppi piuttosto numerosi: per quasi due ore hanno seguito attentamente il colloquio tra i due scrittori, intercalati dalla lettura di alcune pagine particolarmente significative con la voce affascinante di Sara Giulivi, ricercatrice e docente della SUPSI con la passione per il teatro.<\/p>\n<p>I temi dei due romanzi hanno innescato un fiume impetuoso e variegato di peripezie attuali e toccanti: emozioni accese dalle storie \u2013 quella di Selim, il ragazzo egiziano che giunge in Sicilia sui famigerati barconi, che poi scappa a Milano e mette in gioco tutta la sua fierezza per imparare bene l\u2019italiano, che lui intuisce essere una chiave di integrazione fondamentale: perch\u00e9 i pesci devono nuotare e ne hanno pure il sacrosanto diritto. E quella di Felix, adolescente che vive in un posto che c\u2019\u00e8 e non c\u2019\u00e8, iperattivo e dislessico, che lotta per sottrarsi alla scuola, dove gli impongono il Ritalin \u00abcon la speranza di farti diventare un uomo forte\u00bb, mentre \u00abla verit\u00e0 \u00e8 che vogliono tenerci sotto controllo, a noi iperattivi\u00bb: Felix, che ama le farfalle e odia i bruchi. I due scrittori hanno preso molto sul serio il loro pubblico di quattordicenni, proponendo temi difficili e rispondendo a domande altrettanto complicate, perch\u00e9 la realt\u00e0 \u00e8 quella l\u00ec. Si \u00e8 capito che la platea si era preparata bene e che reagiva con intensit\u00e0 al mare di sollecitazioni che la travolgeva attraverso la letteratura: un\u2019arte, come ha sottolineato Di Stefano, che esige fatica e impegno a chi scrive e a chi legge, e non d\u00e0 risposte <em>pr\u00eat-\u00e0-porter<\/em> ai grandi interrogativi: ma sparge dubbi, stimola la riflessione, invita a scelte consapevoli, forse mai definitive.<\/p>\n<p>Mi sono chiesto, mentre andavo all\u2019ex convento di Piazza San Francesco per l\u2019incontro col pubblico degli adulti, quale magia aveva potuto generare la tensione di quella decina di classi di scuola media, che aveva incontrato i due intellettuali senza passare attraverso esami e selezioni di idoneit\u00e0. Credo di avere individuato due fattori decisivi: si \u00e8 discusso di cose difficili, ma con la seriet\u00e0 e il rispetto dovuto ai giovani interlocutori; e non ci si \u00e8 lasciati sedurre dal facile giochino dei verdetti da parte di chi tiene il coltello per il manico e sente il bisogno incessante di sancire cosa \u00e8 giusto e cosa \u00e8 sbagliato. Con quei bei pensieri sono arrivato alla Magistrale, in un\u2019aula magna quasi deserta. Non c\u2019erano i futuri insegnanti a far la calca per entrare e conquistare i posti migliori. Ma questa, naturalmente, \u00e8 un\u2019altra storia, sulla quale converrebbe riflettere. Per\u00f2 \u00e8 utile osservare che anche quest\u2019ultimo incontro, condotto con spigliata competenza da Christelle Campana, volto noto del nostro TG, \u00e8 stato degno del pubblico appassionato col quale, nelle ore precedenti, si erano costruiti pensieri importanti.<\/p>\n<hr \/>\n<p><em><a href=\"https:\/\/adolfotomasini.ch\/wordpress\/wp-content\/uploads\/2017\/04\/223-Fuori-dallaula-07-04-2017.pdf\" target=\"_blank\" rel=\"noopener\">Qui<\/a> si pu\u00f2 scaricare la copia del mio articolo cos\u00ec com\u2019\u00e8 apparso sul Corriere del Ticino del 7 aprile 2017, a pagina 30.<\/em><\/p>\n<p><em>Nel sito del Dipartimento formazione e apprendimento della SUPSI \u00e8 possibile trovare un bell\u2019articolo pubblicato da Daniele Dell\u2019Agnola su La Regione del 1\u00b0 aprile <\/em>(<a href=\"http:\/\/www.supsi.ch\/dfa\/dms\/dfa\/docs\/eventi-comunicazione\/eventi\/2017\/laRegione-01-04-2017\/laRegione%2001-04-2017.pdf\" target=\"_blank\" rel=\"noopener noreferrer\">La pazienza per resistere<\/a>),<em> nonch\u00e9 una <a href=\"http:\/\/www.supsi.ch\/dfa\/eventi-comunicazioni\/media-gallery\/2017\/foto\/2017_03_30_Pesci_e_bruchi.html\" target=\"_blank\" rel=\"noopener noreferrer\">galleria di immagini<\/a>.<\/em><\/p>\n<p><em>Il programma <\/em>Turn\u00e9<em> della RSI ha mandato in onda un servizio, che si pu\u00f2 guardare qui <\/em>(<a href=\"http:\/\/www.rsi.ch\/la1\/programmi\/cultura\/turne\/Pesci-bruchi-e-Wunderkammer-8937511.html\" target=\"_blank\" rel=\"noopener noreferrer\">Pesci, bruchi e Wunderkammer<\/a>,<em> a partire da 12\u2019 20\u201d).<\/em><\/p>\n<p><em>Nel sito del Corriere della Sera, per terminare, si pu\u00f2 leggere un bell\u2019articolo di Paolo Di Stefano \u2013 <\/em><a href=\"http:\/\/www.corriere.it\/opinioni\/16_ottobre_23\/libri-si-amano-meno-chiacchiere-piu-lettura-2d4f8382-987a-11e6-bb29-05e9e8a16c68.shtml\" target=\"_blank\" rel=\"noopener noreferrer\">I libri si amano con meno chiacchiere e pi\u00f9 lettura<\/a><em> \u2013 un testo che ha contribuito alla messa a punto dell\u2019incontro locarnese del 30 marzo.<\/em><\/p>\n","protected":false},"excerpt":{"rendered":"<p>Questo articolo \u00e8 stato pubblicato dal Corriere del Ticino del 7 aprile 2017. Esso si riferisce a un incontro promosso dal DFA\/SUPSI (Invito a una bella serata\u2026). Contrariamente alle mie abitudini, in calce al testo si trovano alcuni documenti interessanti, che testimoniano alcuni aspetti di questa giornata. Ho avuto l\u2019opportunit\u00e0, qualche giorno fa, di accompagnare &hellip; <a href=\"https:\/\/adolfotomasini.ch\/wordpress\/il-lavoro-di-crescere-nel-colloquio-con-due-scrittori\/\" class=\"more-link\">Continua la lettura di <span class=\"screen-reader-text\">Il lavoro di crescere nel colloquio con due scrittori<\/span> <span class=\"meta-nav\">&rarr;<\/span><\/a><\/p>\n","protected":false},"author":2,"featured_media":0,"comment_status":"open","ping_status":"closed","sticky":false,"template":"","format":"standard","meta":{"footnotes":""},"categories":[3,5],"tags":[19,17,36],"class_list":["post-3521","post","type-post","status-publish","format-standard","hentry","category-attualita","category-fuori-dallaula","tag-fare-cultura-nella-scuola-dellobbligo","tag-limportanza-dellarte","tag-leggere-scrivere-ascoltare-e-parlare"],"_links":{"self":[{"href":"https:\/\/adolfotomasini.ch\/wordpress\/wp-json\/wp\/v2\/posts\/3521","targetHints":{"allow":["GET"]}}],"collection":[{"href":"https:\/\/adolfotomasini.ch\/wordpress\/wp-json\/wp\/v2\/posts"}],"about":[{"href":"https:\/\/adolfotomasini.ch\/wordpress\/wp-json\/wp\/v2\/types\/post"}],"author":[{"embeddable":true,"href":"https:\/\/adolfotomasini.ch\/wordpress\/wp-json\/wp\/v2\/users\/2"}],"replies":[{"embeddable":true,"href":"https:\/\/adolfotomasini.ch\/wordpress\/wp-json\/wp\/v2\/comments?post=3521"}],"version-history":[{"count":0,"href":"https:\/\/adolfotomasini.ch\/wordpress\/wp-json\/wp\/v2\/posts\/3521\/revisions"}],"wp:attachment":[{"href":"https:\/\/adolfotomasini.ch\/wordpress\/wp-json\/wp\/v2\/media?parent=3521"}],"wp:term":[{"taxonomy":"category","embeddable":true,"href":"https:\/\/adolfotomasini.ch\/wordpress\/wp-json\/wp\/v2\/categories?post=3521"},{"taxonomy":"post_tag","embeddable":true,"href":"https:\/\/adolfotomasini.ch\/wordpress\/wp-json\/wp\/v2\/tags?post=3521"}],"curies":[{"name":"wp","href":"https:\/\/api.w.org\/{rel}","templated":true}]}}