{"id":3547,"date":"2017-04-23T00:11:57","date_gmt":"2017-04-22T22:11:57","guid":{"rendered":"https:\/\/adolfotomasini.ch\/wordpress\/?p=3547"},"modified":"2017-04-23T18:55:26","modified_gmt":"2017-04-23T16:55:26","slug":"imparare-la-cittadinanza-non-e-come-memorizzare-una-filastrocca","status":"publish","type":"post","link":"https:\/\/adolfotomasini.ch\/wordpress\/imparare-la-cittadinanza-non-e-come-memorizzare-una-filastrocca\/","title":{"rendered":"\u201cImparare\u201d la cittadinanza non \u00e8 come mandare a memoria una filastrocca"},"content":{"rendered":"<p>Comincio con un prologo, a mo\u2019 di cronaca:<\/p>\n<ul>\n<li>giusto quattro anni fa un comitato presieduto dall\u2019imprenditore Alberto Siccardi aveva lanciato un\u2019iniziativa popolare legislativa generica denominata <em>\u00abEduchiamo i giovani alla cittadinanza (diritti e doveri)\u00bb,<\/em> che in poco tempo aveva raccolto pi\u00f9 di 10 mila firme.<\/li>\n<li>L\u2019obiettivo principale dell\u2019iniziativa \u00e8 <em>l\u2019introduzione nelle scuole medie, medie superiori e professionali di una nuova materia di insegnamento denominata <\/em>\u00abEducazione Civica, alla Cittadinanza e alla Democrazia Diretta\u00bb <em>[la maiuscole appartengono dalla dicitura originale] che abbia un proprio testo e un proprio voto separati; tale materia dovr\u00e0 essere obbligatoria e dovr\u00e0 essere insegnata per almeno due ore al mese; onde evitare un aumento delle ore totali di insegnamento, e relativi costi, si propone di ricavare il tempo necessario dalle ore di storia.<\/em><\/li>\n<li>Dopo di che era iniziato il tiramolla tra i promotori, il dipartimento dell\u2019Educazione e il Parlamento.<\/li>\n<li>Nei primi mesi di questo 2017 sembrava che si fosse riusciti a trovare il rinomato <em>onorevole compromesso<\/em> tra i proponenti e la Commissione scolastica del Gran Consiglio. Invece il 18 aprile scorso il primo firmatario dell\u2019iniziativa ha inviato una lunga lettera alla Commissione parlamentare, dove in sostanza si distanzia dall\u2019<em>accordo,<\/em> che pareva raggiunto, e si mette di traverso: non ci sto.<\/li>\n<\/ul>\n<p>Non voglio tirarla per le lunghe: chi non ha seguito la disputa che ne \u00e8 immediatamente scaturita, pu\u00f2 farsene un\u2019idea con:<\/p>\n<ul>\n<li>la cronaca che ne ha dato il <em>Corriere del Ticino<\/em> del 20 aprile: <em><a href=\"https:\/\/adolfotomasini.ch\/wordpress\/wp-content\/uploads\/2017\/04\/CdT-20-04-2017-Siccardi-contrario.pdf\">CIVICA \u00abMa noi non ci fidiamo pi\u00f9\u00bb &#8211; I promotori dell\u2019iniziativa popolare bocciano il compromesso della Scolastica<\/a>;<\/em><\/li>\n<li>il testo di un botta e risposta apparso sul quotidiano <em>La Regione:<\/em> <a href=\"https:\/\/adolfotomasini.ch\/wordpress\/wp-content\/uploads\/2017\/04\/Altro-che-civica-LaRegione-21-04-2017.pdf\">l\u2019editoriale di Paolo Ascierto <em>(Altro che civica,<\/em> 21 aprile) e la risposta di Siccardi <em>(<\/em><em>Ci spiace sia una diatriba,<\/em> 22 aprile).<\/a><\/li>\n<\/ul>\n<p>Da quando \u00e8 iniziata la recita introdotta dall\u2019iniziativa di Siccardi e compagni, non ho letto o sentito un parere, anche solo generico, che invitasse a riflettere sulla concreta utilit\u00e0 della proposta. La gran parte \u2013 forse \u00e8 un eufemismo, ma voglio essere prudente \u2013 di chi si \u00e8 adoperato per cercare un punto d\u2019incontro tra il Parlamento e i promotori dell\u2019iniziativa ha per lo pi\u00f9 evocato questioni di costi, di carico eccessivo delle griglie orarie, di equilibrio tra discipline, di peso scolastico per gli studenti, di leggi e norme che limiterebbero l\u2019attuazione delle proposte dei diecimila che hanno seguito Siccardi e il suo comitato policromo.<\/p>\n<p>Ma non ho sentito nessuno dire che le soluzioni prospettate dall\u2019iniziativa per affrontare di petto un problema che \u00e8 reale \u2013 quello di una certa deficienza civica, che peraltro non appartiene solo alle giovani generazioni \u2013 sono velleitarie e ignoranti \u2013 ignoranti nel senso che <em>ignorano<\/em> come funziona l\u2019apprendimento di una competenza complessa e mai definitiva come l&#8217;educazione alla cittadinanza.<\/p>\n<p>Un breve testo pubblicato su <em>La Regione<\/em> del 22 aprile (nella rubrica del sabato <em>ALTI-BASSI,<\/em> che per questa settimana \u201cabbassa\u201d Siccardi) d\u00e0 per scontato il succo della proposta: <em>Prendete l\u2019insegnamento della Civica a scuola. Chi oserebbe dire che non serve?<\/em><\/p>\n<p>Chi oserebbe dire che non serve? Io, ad esempio: da diversi anni sostengo che, di per s\u00e9, un corso articolato di educazione civica non serve a un fico secco. In questo sito mi sono occupato pi\u00f9 volte, direttamente o meno, di educazione alla cittadinanza e alla democrazia (<a href=\"https:\/\/adolfotomasini.ch\/wordpress\/?tag=educazione-civica\" target=\"_blank\" rel=\"noopener noreferrer\">questo link<\/a> rimanda a tutti quei miei scritti con il <em>tag<\/em> \u00abEducazione civica\u00bb; e in calce si trova un elenco, in ordine di pubblicazione, di alcuni articoli dedicati espressamente alla questione). In un articolo apparso diversi anni fa su <em>La Regione<\/em> (purtroppo ho perso la bibliografia precisa), Diego Erba, a quel tempo direttore della Divisione della scuola del DECS, ricordava che <em>\u201cla democrazia s\u2019impara soprattutto praticandola in famiglia, negli istituti scolastici e quindi nella societ\u00e0\u201d.<\/em> E, se lo si legge bene, <a href=\"https:\/\/www3.ti.ch\/CAN\/RLeggi\/public\/index.php\/raccolta-leggi\/legge\/vid\/140\" target=\"_blank\" rel=\"noopener noreferrer\">l\u2019articolo 2 della <em>Legge della scuola,<\/em> dedicato alle <strong>Finalit\u00e0<\/strong><\/a>, \u00e8 di per s\u00e9 un\u2019articolata definizione di <em>educazione alla cittadinanza e alla democrazia, <\/em>tanto che il volerle accostare una nuova disciplina, con tanto di nota sul libretto, sembra un ossimoro istituzionale e pedagogico.<\/p>\n<p>Per diventare un cittadino consapevole e attivo di questo paese, in questo continente e in questo contesto culturale ci vuol altro che quattro nozioni in croce, per lo pi\u00f9 centrate su precetti moralisti di certa democrazia di maniera: perch\u00e9 un conto \u00e8 pagare le imposte e un altro evadere il fisco; un conto \u00e8 tollerare \u2013 verbo infido \u2013 e un altro accogliere; e ancora: interessarsi della cosa pubblica, cercare sempre un\u2019opinione indipendente, praticare instancabilmente il pensiero socratico, appassionarsi alle arti, alla filosofia e alla storia, padroneggiare la propria lingua e il proprio pensiero, evitare come la peste le verit\u00e0 dogmatiche.<\/p>\n<p>Essere un cittadino democratico significa conquistare idealmente quel che c\u2019\u00e8 nel motto di Piero Gobetti: <strong>\u00abChe ho a che fare io con gli schiavi?\u00bb<\/strong> Per arrivarci non ci sono scorciatoie, non servono i sotterfugi. Occorre invece l\u2019impegno costante di tutto il sistema formativo, con la scuola nel ruolo di protagonista affidabile, affascinante, sensibile, rigorosa e tenace.<\/p>\n<p>A \u2019sto punto, per\u00f2, mi schiero anch\u2019io con la volont\u00e0 di Siccardi, cos\u00ec sintetizzata dal Corriere del Ticino del 22 aprile: <a href=\"https:\/\/adolfotomasini.ch\/wordpress\/wp-content\/uploads\/2017\/04\/Sulla-civica-si-andra\u0300-al-voto-CdT-22-04-2017.pdf\"><em>\u00abSulla civica si andr\u00e0 al voto\u00bb.<\/em><\/a> Forza. Cos\u00ec, durante la campagna in vista della votazione, vedremo se si riuscir\u00e0 a (ri)scoprire una terza via, alla larga da quel <em>determinismo didattico,<\/em> secondo cui si pu\u00f2 insegnare il senso dello Stato come se si trattasse di mandare a memoria le caselline, e, nel contempo, lasciando perdere le ragioni-alibi tipiche di chi ha solo un vago sentore di ci\u00f2 di cui sta dibattendo, e s\u2019attacca ai costi, ai codicilli e a qualche altra amenit\u00e0.<\/p>\n<hr \/>\n<h4>Ecco i principali articoli sul tema<\/h4>\n<ul>\n<li><a href=\"https:\/\/adolfotomasini.ch\/wordpress\/?p=250\" target=\"_blank\" rel=\"noopener noreferrer\">L\u2019ora di civica a scuola, un rattoppo?<\/a> (21.11.2001)<\/li>\n<li><a href=\"https:\/\/adolfotomasini.ch\/wordpress\/?p=422\" target=\"_blank\" rel=\"noopener noreferrer\">Nel grande emporio della formazione<\/a> (07.04.2004)<\/li>\n<li><a href=\"https:\/\/adolfotomasini.ch\/wordpress\/?p=506\" target=\"_blank\" rel=\"noopener noreferrer\">Educazione civica e politica sporca<\/a> (01.02.2007)<\/li>\n<li><a href=\"https:\/\/adolfotomasini.ch\/wordpress\/?p=621\" target=\"_blank\" rel=\"noopener noreferrer\">L\u2019educazione civica nei tempi della scuola-supermercato<\/a> (04.05.2010)<\/li>\n<li><a href=\"https:\/\/adolfotomasini.ch\/wordpress\/?p=708\" target=\"_blank\" rel=\"noopener noreferrer\">Si fa in fretta a dire \u00abeducazione alla cittadinanza\u00bb<\/a> (14.03.2012)<\/li>\n<li><a href=\"https:\/\/adolfotomasini.ch\/wordpress\/?p=748\" target=\"_blank\" rel=\"noopener noreferrer\">Educazione alla cittadinanza: s\u00ec, va bene, ma quale?<\/a> (04.12.2012)<\/li>\n<li><a href=\"https:\/\/adolfotomasini.ch\/wordpress\/?p=752\" target=\"_blank\" rel=\"noopener noreferrer\">Educazione alla cittadinanza, un\u2019esperienza quotidiana<\/a> (03.01.2013)<\/li>\n<li><a href=\"https:\/\/adolfotomasini.ch\/wordpress\/?p=762\" target=\"_blank\" rel=\"noopener noreferrer\">L\u2019educazione civica, il Salmo svizzero e le due gocce d\u2019acqua<\/a> (17.05.2013)<\/li>\n<li><a href=\"https:\/\/adolfotomasini.ch\/wordpress\/?p=974\" target=\"_blank\" rel=\"noopener noreferrer\">Le lezioni di educazione civica del Gran Consiglio<\/a> (12.03.2014)<\/li>\n<li><a href=\"https:\/\/adolfotomasini.ch\/wordpress\/?p=1374\" target=\"_blank\" rel=\"noopener noreferrer\">La democrazia tra competenze, maggioranze e punti di vista<\/a> (03.02.2015)<\/li>\n<li><a href=\"https:\/\/adolfotomasini.ch\/wordpress\/?p=1380\" target=\"_blank\" rel=\"noopener noreferrer\">La politica scolastica ai tempi della campagna elettorale<\/a> (06.02.2015)<\/li>\n<\/ul>\n","protected":false},"excerpt":{"rendered":"<p>Comincio con un prologo, a mo\u2019 di cronaca: giusto quattro anni fa un comitato presieduto dall\u2019imprenditore Alberto Siccardi aveva lanciato un\u2019iniziativa popolare legislativa generica denominata \u00abEduchiamo i giovani alla cittadinanza (diritti e doveri)\u00bb, che in poco tempo aveva raccolto pi\u00f9 di 10 mila firme. L\u2019obiettivo principale dell\u2019iniziativa \u00e8 l\u2019introduzione nelle scuole medie, medie superiori e &hellip; <a href=\"https:\/\/adolfotomasini.ch\/wordpress\/imparare-la-cittadinanza-non-e-come-memorizzare-una-filastrocca\/\" class=\"more-link\">Continua la lettura di <span class=\"screen-reader-text\">\u201cImparare\u201d la cittadinanza non \u00e8 come mandare a memoria una filastrocca<\/span> <span class=\"meta-nav\">&rarr;<\/span><\/a><\/p>\n","protected":false},"author":2,"featured_media":0,"comment_status":"open","ping_status":"closed","sticky":false,"template":"","format":"standard","meta":{"footnotes":""},"categories":[3],"tags":[20,21],"class_list":["post-3547","post","type-post","status-publish","format-standard","hentry","category-attualita","tag-educazione-civica","tag-finalita-della-scuola-dellobbligo"],"_links":{"self":[{"href":"https:\/\/adolfotomasini.ch\/wordpress\/wp-json\/wp\/v2\/posts\/3547","targetHints":{"allow":["GET"]}}],"collection":[{"href":"https:\/\/adolfotomasini.ch\/wordpress\/wp-json\/wp\/v2\/posts"}],"about":[{"href":"https:\/\/adolfotomasini.ch\/wordpress\/wp-json\/wp\/v2\/types\/post"}],"author":[{"embeddable":true,"href":"https:\/\/adolfotomasini.ch\/wordpress\/wp-json\/wp\/v2\/users\/2"}],"replies":[{"embeddable":true,"href":"https:\/\/adolfotomasini.ch\/wordpress\/wp-json\/wp\/v2\/comments?post=3547"}],"version-history":[{"count":0,"href":"https:\/\/adolfotomasini.ch\/wordpress\/wp-json\/wp\/v2\/posts\/3547\/revisions"}],"wp:attachment":[{"href":"https:\/\/adolfotomasini.ch\/wordpress\/wp-json\/wp\/v2\/media?parent=3547"}],"wp:term":[{"taxonomy":"category","embeddable":true,"href":"https:\/\/adolfotomasini.ch\/wordpress\/wp-json\/wp\/v2\/categories?post=3547"},{"taxonomy":"post_tag","embeddable":true,"href":"https:\/\/adolfotomasini.ch\/wordpress\/wp-json\/wp\/v2\/tags?post=3547"}],"curies":[{"name":"wp","href":"https:\/\/api.w.org\/{rel}","templated":true}]}}