{"id":3583,"date":"2017-05-10T23:23:22","date_gmt":"2017-05-10T21:23:22","guid":{"rendered":"https:\/\/adolfotomasini.ch\/wordpress\/?p=3583"},"modified":"2017-05-11T16:45:57","modified_gmt":"2017-05-11T14:45:57","slug":"vietare-non-serve-a-nulla-ma-e-un-bellalibi-quando-ladulto-non-sa-piu-che-pesci-pigliare","status":"publish","type":"post","link":"https:\/\/adolfotomasini.ch\/wordpress\/vietare-non-serve-a-nulla-ma-e-un-bellalibi-quando-ladulto-non-sa-piu-che-pesci-pigliare\/","title":{"rendered":"Vietare non serve a nulla, ma \u00e8 un bell\u2019alibi quando l\u2019adulto non sa pi\u00f9 che pesci pigliare"},"content":{"rendered":"<p>Il portale <em>TicinoLibero<\/em> ha dato notizia che tre parlamentari \u2013 il popolare democratico Giorgio Fonio, il socialista Henrik Bang e la liberale Maristella Polli \u2013 hanno presentato <a href=\"http:\/\/www.ticinolibero.ch\/it\/article\/34813\/la-piaga-del-bullismo-che-pu-portare-pure-al-suicidio-fonio-bang-e-polli-e-se-proibissimo-l-uso-dei-cellulari-a-scuola\" target=\"_blank\" rel=\"noopener noreferrer\">un\u2019interrogazione<\/a> per chiedere di proibire i cellulari a scuola, mirando ad arginare il fenomeno bullismo.<\/p>\n<p>Scrivono che <em>\u00abSui telefonini l\u2019assedio si moltiplica per dieci, per cento, per mille. Chi \u00e8 finito nel mirino ha l\u2019impressione che non ci sia nulla da fare, che sia impossibile difendersi. Nasce un senso di solitudine e di impotenza. La vergogna spesso conduce al silenzio: non si osa parlarne ai genitori, ai docenti. Il ragazzino, l\u2019adolescente, si deprime. Se la cosa si prolunga nel tempo, possono comparire idee suicidarie e in qualche caso la vicenda finisce in tragedia\u00bb.<\/em><\/p>\n<p>La proposta non \u00e8 una novit\u00e0 assoluta. Gi\u00e0 sul finire del 2006 un altro parlamentare liberale, all\u2019epoca pure insegnante di scuola media, aveva chiesto al Consiglio di Stato se non fosse <em>\u00abfinalmente intenzionato a proibire totalmente l\u2019uso del telefonino in tutte le scuole obbligatorie del Cantone\u00bb.<\/em> Avevo commentato la notizia sul Corriere de Ticino del 12 gennaio 2007: <em><a href=\"https:\/\/adolfotomasini.ch\/wordpress\/?p=504\" target=\"_blank\" rel=\"noopener noreferrer\">Telefonini a scuola: educare o reprimere?<\/a><\/em><\/p>\n<p>La mia opinione, oggi che sono passati dieci anni, non \u00e8 per nulla cambiata, anche se di miglioramenti concreti non se ne sono visti, malgrado la drammaticit\u00e0 di tanti esiti.<\/p>\n<p><a href=\"https:\/\/adolfotomasini.ch\/wordpress\/?attachment_id=3582\" rel=\"attachment wp-att-3582\"><img loading=\"lazy\" decoding=\"async\" class=\"alignleft wp-image-3582 size-full\" src=\"https:\/\/adolfotomasini.ch\/wordpress\/wp-content\/uploads\/2017\/05\/Stefano-Franscini.jpg\" alt=\"\" width=\"250\" height=\"317\" srcset=\"https:\/\/adolfotomasini.ch\/wordpress\/wp-content\/uploads\/2017\/05\/Stefano-Franscini.jpg 250w, https:\/\/adolfotomasini.ch\/wordpress\/wp-content\/uploads\/2017\/05\/Stefano-Franscini-237x300.jpg 237w\" sizes=\"auto, (max-width: 250px) 100vw, 250px\" \/><\/a>A scuola, come in famiglia, certi divieti sono il chiaro segnale di adulti che non sanno pi\u00f9 che pesci pigliare: ma i docenti sono professionisti formati e pagati per fare scelte educative\u00a0 attendibili, a differenza dei genitori. Oso credere che la sparata dei tre parlamentari sia una sorta di sasso nello stagno, per svegliare chi non dovrebbe proprio dormire.<\/p>\n<p>Insomma: e se la scuola ricominciasse <em>a educare e a far cultura,<\/em> smettendo di essere al traino dell\u2019economia globalizzata? Se la piantasse di essere schiava di una selezione controproducente, iniqua e costosa, e tentasse invece di puntare alle vere finalit\u00e0 della scuola pubblica e obbligatoria?<\/p>\n","protected":false},"excerpt":{"rendered":"<p>Il portale TicinoLibero ha dato notizia che tre parlamentari \u2013 il popolare democratico Giorgio Fonio, il socialista Henrik Bang e la liberale Maristella Polli \u2013 hanno presentato un\u2019interrogazione per chiedere di proibire i cellulari a scuola, mirando ad arginare il fenomeno bullismo. Scrivono che \u00abSui telefonini l\u2019assedio si moltiplica per dieci, per cento, per mille. &hellip; <a href=\"https:\/\/adolfotomasini.ch\/wordpress\/vietare-non-serve-a-nulla-ma-e-un-bellalibi-quando-ladulto-non-sa-piu-che-pesci-pigliare\/\" class=\"more-link\">Continua la lettura di <span class=\"screen-reader-text\">Vietare non serve a nulla, ma \u00e8 un bell\u2019alibi quando l\u2019adulto non sa pi\u00f9 che pesci pigliare<\/span> <span class=\"meta-nav\">&rarr;<\/span><\/a><\/p>\n","protected":false},"author":2,"featured_media":0,"comment_status":"open","ping_status":"closed","sticky":false,"template":"","format":"standard","meta":{"footnotes":""},"categories":[3],"tags":[20,24,19,21,12],"class_list":["post-3583","post","type-post","status-publish","format-standard","hentry","category-attualita","tag-educazione-civica","tag-etica-della-scuola","tag-fare-cultura-nella-scuola-dellobbligo","tag-finalita-della-scuola-dellobbligo","tag-regole-del-gioco"],"_links":{"self":[{"href":"https:\/\/adolfotomasini.ch\/wordpress\/wp-json\/wp\/v2\/posts\/3583","targetHints":{"allow":["GET"]}}],"collection":[{"href":"https:\/\/adolfotomasini.ch\/wordpress\/wp-json\/wp\/v2\/posts"}],"about":[{"href":"https:\/\/adolfotomasini.ch\/wordpress\/wp-json\/wp\/v2\/types\/post"}],"author":[{"embeddable":true,"href":"https:\/\/adolfotomasini.ch\/wordpress\/wp-json\/wp\/v2\/users\/2"}],"replies":[{"embeddable":true,"href":"https:\/\/adolfotomasini.ch\/wordpress\/wp-json\/wp\/v2\/comments?post=3583"}],"version-history":[{"count":0,"href":"https:\/\/adolfotomasini.ch\/wordpress\/wp-json\/wp\/v2\/posts\/3583\/revisions"}],"wp:attachment":[{"href":"https:\/\/adolfotomasini.ch\/wordpress\/wp-json\/wp\/v2\/media?parent=3583"}],"wp:term":[{"taxonomy":"category","embeddable":true,"href":"https:\/\/adolfotomasini.ch\/wordpress\/wp-json\/wp\/v2\/categories?post=3583"},{"taxonomy":"post_tag","embeddable":true,"href":"https:\/\/adolfotomasini.ch\/wordpress\/wp-json\/wp\/v2\/tags?post=3583"}],"curies":[{"name":"wp","href":"https:\/\/api.w.org\/{rel}","templated":true}]}}