{"id":3598,"date":"2017-05-16T18:00:08","date_gmt":"2017-05-16T16:00:08","guid":{"rendered":"https:\/\/adolfotomasini.ch\/wordpress\/?p=3598"},"modified":"2017-05-16T23:13:22","modified_gmt":"2017-05-16T21:13:22","slug":"a-che-serve-una-nuova-materia-come-leducazione-civica","status":"publish","type":"post","link":"https:\/\/adolfotomasini.ch\/wordpress\/a-che-serve-una-nuova-materia-come-leducazione-civica\/","title":{"rendered":"A che serve una nuova materia come l\u2019educazione civica?"},"content":{"rendered":"<p>A fine aprile, dopo un profluvio di tira e molla, sembrava ormai guerra aperta tra i promotori dell\u2019iniziativa \u00abEduchiamo i giovani alla cittadinanza\u00bb e la commissione scolastica del Gran consiglio. Quando pareva che si fosse giunti al solito compromesso, il primo firmatario dell\u2019iniziativa aveva risposto picche, bocciando la proposta della Scolastica, colpevole di raccontare un sacco di fandonie e di non rispettare i patti cos\u00ec faticosamente raggiunti. \u00abSulla civica si andr\u00e0 al voto\u00bb, aveva sintetizzato questo giornale. Nei giorni successivi, invece, si \u00e8 avuto il sentore che ci potrebbe essere spazio per un accordo: staremo a vedere.<\/p>\n<p>Il problema resta per\u00f2 reale e palpabile: c\u2019\u00e8 nel paese una deficienza di senso civico, non solo tra i giovani. La proposta \u00e8 l\u2019introduzione di una nuova materia, l\u2019\u00abEducazione civica, alla cittadinanza e alla democrazia diretta\u00bb, insegnata per almeno due ore al mese e con l\u2019immancabile nota sul libretto. Pi\u00f9 volte mi sono dedicato al tema, gi\u00e0 prima di questa raccolta di firme. La civica \u00e8 una competenza complessa, che non si assimila attraverso un corso, con tanto di esami al seguito, nella convinzione che solo questo dispositivo sia in grado di far sudare le proverbiali sette camice agli studenti, ritenuti, con un pregiudizio di comodo, degli scansafatiche che si d\u00e0nno da fare solo in cambio di un tornaconto immediato, come seguaci maldestri di un qualsiasi finanziere globalizzato. Gi\u00e0 questa tesi la dice lunga sull\u2019idea di cittadino garbato, consapevole e attivo. Ma c\u2019\u00e8 un\u2019altra contraddizione evidente, che caratterizza chi \u00e8 contrario alla proposta della nuova disciplina scolastica: perch\u00e9 nessuno, fino a oggi, ha detto chiaro e tondo che un corso siffatto non serve a un fico secco?<\/p>\n<p>Pensiamoci bene: siamo sicuri che le finalit\u00e0 della scuola non mirino proprio al traguardo di educare cittadini che conoscono i loro diritti e i loro doveri, cio\u00e8 che siano civicamente educati? Non c\u2019\u00e8 lo spazio per riportare il testo completo dell\u2019articolo di legge, ma gi\u00e0 il primo paragrafo, nella sua complessit\u00e0, \u00e8 di una chiarezza disarmante: \u00abLa scuola promuove, in collaborazione con la famiglia e con le altre istituzioni educative, lo sviluppo armonico di persone in grado di assumere ruoli attivi e responsabili nella societ\u00e0 e di realizzare sempre pi\u00f9 le istanze di giustizia e di libert\u00e0\u00bb. In questa quarantina di parole c\u2019\u00e8 tutto: si vogliono educare cittadini che non evadono il fisco, che si interessano della cosa pubblica, che hanno i mezzi culturali per crearsi un\u2019opinione autonoma, che praticano instancabilmente l\u2019arte del dubbio, alla ricerca di risposte esaurienti e mai definitive. E ancora: che si appassionano alle arti, alla filosofia e alla storia, che padroneggiano la propria lingua, che sanno evitare le \u2018verit\u00e0 dogmatiche\u2019, che conoscono la differenza tra tollerare \u2013 verbo infido \u2013 e accogliere.<\/p>\n<p>Una volta la scuola dello Stato era consapevole che il compito doveva essere svolto con la famiglia e con altre istituzioni educative. Oggi non si sa, sembra essersene dimenticata. Diego Erba, per tanti anni direttore della Divisione della scuola del DECS, ricordava in un suo articolo che \u00abla democrazia s\u2019impara soprattutto praticandola in famiglia, negli istituti scolastici e quindi nella societ\u00e0\u00bb. Inventare una nuova disciplina scolastica e obbligatoria, che si affiancherebbe alle finalit\u00e0 della Scuola, \u00e8 una goffaggine del tutto inutile: anche se, ormai, siamo abituati a tutto.<\/p>\n","protected":false},"excerpt":{"rendered":"<p>A fine aprile, dopo un profluvio di tira e molla, sembrava ormai guerra aperta tra i promotori dell\u2019iniziativa \u00abEduchiamo i giovani alla cittadinanza\u00bb e la commissione scolastica del Gran consiglio. Quando pareva che si fosse giunti al solito compromesso, il primo firmatario dell\u2019iniziativa aveva risposto picche, bocciando la proposta della Scolastica, colpevole di raccontare un &hellip; <a href=\"https:\/\/adolfotomasini.ch\/wordpress\/a-che-serve-una-nuova-materia-come-leducazione-civica\/\" class=\"more-link\">Continua la lettura di <span class=\"screen-reader-text\">A che serve una nuova materia come l\u2019educazione civica?<\/span> <span class=\"meta-nav\">&rarr;<\/span><\/a><\/p>\n","protected":false},"author":2,"featured_media":0,"comment_status":"open","ping_status":"closed","sticky":false,"template":"","format":"standard","meta":{"footnotes":""},"categories":[5],"tags":[20,24,21,28,17],"class_list":["post-3598","post","type-post","status-publish","format-standard","hentry","category-fuori-dallaula","tag-educazione-civica","tag-etica-della-scuola","tag-finalita-della-scuola-dellobbligo","tag-insegnare-la-storia","tag-limportanza-dellarte"],"_links":{"self":[{"href":"https:\/\/adolfotomasini.ch\/wordpress\/wp-json\/wp\/v2\/posts\/3598","targetHints":{"allow":["GET"]}}],"collection":[{"href":"https:\/\/adolfotomasini.ch\/wordpress\/wp-json\/wp\/v2\/posts"}],"about":[{"href":"https:\/\/adolfotomasini.ch\/wordpress\/wp-json\/wp\/v2\/types\/post"}],"author":[{"embeddable":true,"href":"https:\/\/adolfotomasini.ch\/wordpress\/wp-json\/wp\/v2\/users\/2"}],"replies":[{"embeddable":true,"href":"https:\/\/adolfotomasini.ch\/wordpress\/wp-json\/wp\/v2\/comments?post=3598"}],"version-history":[{"count":0,"href":"https:\/\/adolfotomasini.ch\/wordpress\/wp-json\/wp\/v2\/posts\/3598\/revisions"}],"wp:attachment":[{"href":"https:\/\/adolfotomasini.ch\/wordpress\/wp-json\/wp\/v2\/media?parent=3598"}],"wp:term":[{"taxonomy":"category","embeddable":true,"href":"https:\/\/adolfotomasini.ch\/wordpress\/wp-json\/wp\/v2\/categories?post=3598"},{"taxonomy":"post_tag","embeddable":true,"href":"https:\/\/adolfotomasini.ch\/wordpress\/wp-json\/wp\/v2\/tags?post=3598"}],"curies":[{"name":"wp","href":"https:\/\/api.w.org\/{rel}","templated":true}]}}