{"id":3606,"date":"2017-05-22T22:54:01","date_gmt":"2017-05-22T20:54:01","guid":{"rendered":"https:\/\/adolfotomasini.ch\/wordpress\/?p=3606"},"modified":"2017-05-23T16:13:06","modified_gmt":"2017-05-23T14:13:06","slug":"il-fascino-di-imparare-per-imparare-e-creare-insieme-cose-bellissime","status":"publish","type":"post","link":"https:\/\/adolfotomasini.ch\/wordpress\/il-fascino-di-imparare-per-imparare-e-creare-insieme-cose-bellissime\/","title":{"rendered":"Il fascino di imparare per imparare, e creare insieme cose bellissime!"},"content":{"rendered":"<p>In questo cantone smodato succedono a volte delle <em>\u201ccose\u201d<\/em> che converrebbe propagandare a dovere, mentre invece se ne viene a conoscenza un po\u2019 per caso. Nel passato fine settimana gli occhi del Ticino tutto \u2013 si fa ovviamente per dire \u2013 erano rivolti agli appuntamenti referendari, quello cantonale sui rifiuti (partecipazione del 41.7%) e quello federale sull\u2019energia (42.3% in Svizzera), alla <em>Notte bianca<\/em> di Locarno e alla manifestazione podistica <em>straLugano<\/em> (per la cronaca ha vinto un keniano).<\/p>\n<p>Al <a href=\"http:\/\/www.luganolac.ch\/\" target=\"_blank\" rel=\"noopener noreferrer\">LAC di Lugano<\/a> c\u2019era invece il concerto di <em>Superar Suisse.<\/em> Carneade? S\u00ec.<\/p>\n<p>Sono grato al direttore generale delle scuole comunali di Lugano, Sandro Lanzetti, che me ne ha accennato giusto due mesi fa, in occasione di un incontro informale e amichevole, e di aver messo in questa informazione tanta passione e un\u2019emozione neanche troppo velata.<\/p>\n<p><a href=\"https:\/\/adolfotomasini.ch\/wordpress\/?attachment_id=3604\" rel=\"attachment wp-att-3604\"><img loading=\"lazy\" decoding=\"async\" class=\"aligncenter size-large wp-image-3604\" src=\"https:\/\/adolfotomasini.ch\/wordpress\/wp-content\/uploads\/2017\/05\/LAC-2016-1024x422.jpg\" alt=\"\" width=\"474\" height=\"195\" srcset=\"https:\/\/adolfotomasini.ch\/wordpress\/wp-content\/uploads\/2017\/05\/LAC-2016-1024x422.jpg 1024w, https:\/\/adolfotomasini.ch\/wordpress\/wp-content\/uploads\/2017\/05\/LAC-2016-300x124.jpg 300w, https:\/\/adolfotomasini.ch\/wordpress\/wp-content\/uploads\/2017\/05\/LAC-2016-768x317.jpg 768w, https:\/\/adolfotomasini.ch\/wordpress\/wp-content\/uploads\/2017\/05\/LAC-2016-600x247.jpg 600w, https:\/\/adolfotomasini.ch\/wordpress\/wp-content\/uploads\/2017\/05\/LAC-2016.jpg 2027w\" sizes=\"auto, (max-width: 474px) 100vw, 474px\" \/><\/a><em>\u00ab<a href=\"http:\/\/www.superarsuisse.org\/chisiamo\" target=\"_blank\" rel=\"noopener noreferrer\">Superar Suisse<\/a>\u00bb<\/em> \u00e8 la ramificazione di un <a href=\"http:\/\/www.superar.eu\/sistema-europe\/eu-project.html\" target=\"_blank\" rel=\"noopener noreferrer\">progetto europeo<\/a>, che, a sua volta, si \u00e8 ispirato al famoso <em>\u00ab<a href=\"https:\/\/it.wikipedia.org\/wiki\/El_Sistema\" target=\"_blank\" rel=\"noopener noreferrer\">El Sistema<\/a>\u00bb,<\/em> un modello didattico musicale, ideato e promosso in Venezuela da Jos\u00e9 Antonio Abreu, che consiste in un sistema di educazione musicale pubblica, diffusa e capillare, con accesso gratuito e libero per bambini di tutti i ceti sociali.<\/p>\n<p><em>Superar<\/em> \u00e8 un termine spagnolo che significa andare oltre i limiti, vincere e <em>crescere andando oltre i propri confini.<\/em><\/p>\n<p>Si legge nel sito elvetico che <em>\u00abSuperar utilizza tutte le possibilit\u00e0 e gli effetti positivi che la promozione musicale e artistica rappresentano, al fine di dare un notevole contributo al cambiamento in senso egualitario della societ\u00e0. Superar \u00e8 stata fondata nel 2009 dal Konzerthaus di Vienna, il Vienna Boys Choir e la Caritas dell\u2019Arcidiocesi di Vienna come un progetto musicale dell\u2019Europa centrale ricalcante lo stile del progetto \u201cEl Sistema\u201d venezuelano. Nel corso degli anni Superar \u00e8 cresciuta rapidamente, sia in Austria che in altri paesi. Attualmente \u00e8 attiva in 14 sedi in Austria e in dieci sedi in Slovacchia, Svizzera, Liechtenstein, Romania e Bosnia. Superar Suisse \u00e8 stata fondata nel 2012. <\/em>[Essa]<em> rende reale un\u2019educazione musicale di alta qualit\u00e0 sia nella formazione della voce e del canto, sia nella formazione strumentale orchestrale per tutti i bambini e adolescenti \u2013 a prescindere dalla loro origine familiare e situazione economica\u00bb.<\/em><\/p>\n<p>Per farla breve, ho assistito a un momento musicale e sociale molto appassionante, assieme a un pubblico folto, entusiasta e caloroso. Al LAC, domenica, c\u2019erano i ragazzini del coro e dell\u2019orchestra di Lugano (oltre cento ragazzine e ragazzini tra gli otto e i dieci anni), con i cori di Winterthur e del Vorarlberg e le orchestre di Zurigo e Milano. Sotto la direzione dei maestri Marco Castellini, Carlo Taffuri e Pino Raduazzo hanno dato vita a un\u2019ora di belle emozioni, dove i termini di <em>energia, entusiasmo e divertimento<\/em> hanno caratterizzato l\u2019evento, annullando le inevitabili esitazioni esecutive.<\/p>\n<p>\u00c8 vero che il seme originario \u2013 <em>El Sistema <\/em>venezuelano \u2013 nel frattempo ha generato l\u2019<a href=\"https:\/\/it.wikipedia.org\/wiki\/Orquesta_Sinf%C3%B3nica_Sim%C3%B3n_Bol%C3%ADvar\" target=\"_blank\" rel=\"noopener noreferrer\">Orquesta Sinf\u00f3nica Sim\u00f3n Bol\u00edvar<\/a> e ha lanciato nel firmamento artistico mondiale musicisti di sicura fama, uno su tutti il direttore d\u2019orchestra Gustavo Dudamel. Ma la forza di <em>Superar, <\/em>discendente europeo di <em>El Sistema, <\/em>risiede nel grandissimo progetto di coinvolgere chi, per scelta autonoma, non avrebbe probabilmente mai imboccato un\u2019avventura artistica come questa.<\/p>\n<p>Sarebbe banale, e pure stucchevole, imboccare un discorso sulla forza educativa della musica d\u2019assieme, che si potrebbe facilmente ergere a modello educativo. Per\u00f2 mi piace l\u2019idea che questi ragazzi, sotto la guida e la partecipazione di maestri che non sono assillati da sciocchi traguardi di pagelle e certificazioni inoppugnabili e troppo spesso definitive, diano vita \u2013 gioiosamente e insieme \u2013 ad armonie che sono artistiche e, nel contempo, sociali. Qualche insegnamento lo dovrebbe pur ricavare anche la scuola dei test, degli esami reiterati e un poco tribunaleschi. Quella dell\u2019immediata e finta spendibilit\u00e0 di acquisizioni scolastiche troppo spesso solo scolastiche.<\/p>\n<p>Mi ha detto un collega luganese all\u2019uscita: <em>\u00abConosco tanti di questi <\/em>\u2018orchestrali\u2019<em> e ti posso garantire che, tra i banchi di scuola, non sono sempre facilmente gestibili\u00bb.<\/em><\/p>\n<p>Chiss\u00e0 come mai a scuola no e in orchestra s\u00ec? Vuoi vedere che\u2026<\/p>\n<p><a href=\"https:\/\/adolfotomasini.ch\/wordpress\/?attachment_id=3605\" rel=\"attachment wp-att-3605\"><img loading=\"lazy\" decoding=\"async\" class=\"aligncenter size-large wp-image-3605\" src=\"https:\/\/adolfotomasini.ch\/wordpress\/wp-content\/uploads\/2017\/05\/Tohnhalle-1024x507.jpg\" alt=\"\" width=\"474\" height=\"235\" srcset=\"https:\/\/adolfotomasini.ch\/wordpress\/wp-content\/uploads\/2017\/05\/Tohnhalle-1024x507.jpg 1024w, https:\/\/adolfotomasini.ch\/wordpress\/wp-content\/uploads\/2017\/05\/Tohnhalle-300x149.jpg 300w, https:\/\/adolfotomasini.ch\/wordpress\/wp-content\/uploads\/2017\/05\/Tohnhalle-768x380.jpg 768w, https:\/\/adolfotomasini.ch\/wordpress\/wp-content\/uploads\/2017\/05\/Tohnhalle-600x297.jpg 600w\" sizes=\"auto, (max-width: 474px) 100vw, 474px\" \/><\/a><em>Superar Suisse<\/em> sar\u00e0 alla Tohnalle di Zurigo l\u201911 giugno alle 11.15 e il 29 giugno alle 19 alla Elisabethenkirche di Basilea.<\/p>\n<hr \/>\n<h4><strong><a href=\"http:\/\/www.superarsuisse.org\/chisiamo\/\" target=\"_blank\" rel=\"noopener noreferrer\">I principi di Superar sono:<\/a><\/strong><\/h4>\n<ul>\n<li><strong><em>la regolarit\u00e0 e l\u2019assiduit\u00e0<\/em><\/strong><em>: almeno due lezioni, ma al meglio tre o quattro alla settimana.<\/em><\/li>\n<li><strong><em>Gratuit\u00e0<\/em><\/strong><em>: La partecipazione alle lezioni Superar sono gratuiti per i bambini e genitori.<\/em><\/li>\n<li><strong><em>Pari opportunit\u00e0<\/em><\/strong><em>: Superar si prefigge che tutti i bambini e i giovani possano accedere all\u2019istruzione musicale, che si estende evidentemente in campo artistico e culturale. In tal modo Superar vuole rafforzare la loro partecipazione nella societ\u00e0 e potenzialmente migliorarne le opportunit\u00e0.<\/em><\/li>\n<li><strong><em>Preparazione artistica<\/em><\/strong><em>: Superar stabilisce elevati livelli artistici e di insegnamento per la selezione dei suoi tutor. Regolari aggiornamenti di essi anche contemporaneamente a Tutor Superar di altri paesi \u2013 che garantiscono l\u2019alta qualit\u00e0 dell\u2019insegnamento.<\/em><\/li>\n<li><strong><em>Respiro internazionale<\/em><\/strong><em>: Superar \u00e8 finora l\u2019unico progetto ispirato al programma El Sistema venezuelano, ad essere attivo in diversi paesi, tenendo concerti congiunti, corsi di formazione e incontri, sia per i tutor che per la direzione Superar, nonch\u00e9 per i bambini e gli adolescenti che ne fanno parte.<\/em><\/li>\n<li><strong><em>Ulteriori sviluppi<\/em><\/strong><em>: Superar \u00e8 concepito come un programma di costruzione e formazione che fornisce moduli avanzati per permettere a tutti anche un futuro percorso artistico.<\/em><\/li>\n<\/ul>\n","protected":false},"excerpt":{"rendered":"<p>In questo cantone smodato succedono a volte delle \u201ccose\u201d che converrebbe propagandare a dovere, mentre invece se ne viene a conoscenza un po\u2019 per caso. Nel passato fine settimana gli occhi del Ticino tutto \u2013 si fa ovviamente per dire \u2013 erano rivolti agli appuntamenti referendari, quello cantonale sui rifiuti (partecipazione del 41.7%) e quello &hellip; <a href=\"https:\/\/adolfotomasini.ch\/wordpress\/il-fascino-di-imparare-per-imparare-e-creare-insieme-cose-bellissime\/\" class=\"more-link\">Continua la lettura di <span class=\"screen-reader-text\">Il fascino di imparare per imparare, e creare insieme cose bellissime!<\/span> <span class=\"meta-nav\">&rarr;<\/span><\/a><\/p>\n","protected":false},"author":2,"featured_media":0,"comment_status":"open","ping_status":"closed","sticky":false,"template":"","format":"standard","meta":{"footnotes":""},"categories":[3],"tags":[19,17,30,15],"class_list":["post-3606","post","type-post","status-publish","format-standard","hentry","category-attualita","tag-fare-cultura-nella-scuola-dellobbligo","tag-limportanza-dellarte","tag-pari-opportunita","tag-valutazione"],"_links":{"self":[{"href":"https:\/\/adolfotomasini.ch\/wordpress\/wp-json\/wp\/v2\/posts\/3606","targetHints":{"allow":["GET"]}}],"collection":[{"href":"https:\/\/adolfotomasini.ch\/wordpress\/wp-json\/wp\/v2\/posts"}],"about":[{"href":"https:\/\/adolfotomasini.ch\/wordpress\/wp-json\/wp\/v2\/types\/post"}],"author":[{"embeddable":true,"href":"https:\/\/adolfotomasini.ch\/wordpress\/wp-json\/wp\/v2\/users\/2"}],"replies":[{"embeddable":true,"href":"https:\/\/adolfotomasini.ch\/wordpress\/wp-json\/wp\/v2\/comments?post=3606"}],"version-history":[{"count":0,"href":"https:\/\/adolfotomasini.ch\/wordpress\/wp-json\/wp\/v2\/posts\/3606\/revisions"}],"wp:attachment":[{"href":"https:\/\/adolfotomasini.ch\/wordpress\/wp-json\/wp\/v2\/media?parent=3606"}],"wp:term":[{"taxonomy":"category","embeddable":true,"href":"https:\/\/adolfotomasini.ch\/wordpress\/wp-json\/wp\/v2\/categories?post=3606"},{"taxonomy":"post_tag","embeddable":true,"href":"https:\/\/adolfotomasini.ch\/wordpress\/wp-json\/wp\/v2\/tags?post=3606"}],"curies":[{"name":"wp","href":"https:\/\/api.w.org\/{rel}","templated":true}]}}