{"id":3651,"date":"2017-06-09T18:56:37","date_gmt":"2017-06-09T16:56:37","guid":{"rendered":"https:\/\/adolfotomasini.ch\/wordpress\/?p=3651"},"modified":"2017-06-10T01:58:18","modified_gmt":"2017-06-09T23:58:18","slug":"sulleducazione-alla-cittadinanza-si-andra-a-votare","status":"publish","type":"post","link":"https:\/\/adolfotomasini.ch\/wordpress\/sulleducazione-alla-cittadinanza-si-andra-a-votare\/","title":{"rendered":"Sull\u2019educazione alla cittadinanza si andr\u00e0 a votare"},"content":{"rendered":"<p>A pochi giorni dalle decisione del Gran consiglio ticinese di inaugurare l\u2019educazione civica come nuova disciplina scolastica a s\u00e9 stante, con tanto di nota sul libretto (si veda, in questo sito, l\u2019ultimo testo che avevo pubblicato sul tema: <a href=\"https:\/\/adolfotomasini.ch\/wordpress\/?p=3634\" target=\"_blank\" rel=\"noopener\">Il Ticino sar\u00e0 presto <em>\u00abLe meilleur des mondes possibles\u00bb<\/em><\/a>), gioved\u00ec \u00e8 arrivata la decisione da parte dei promotori dell\u2019iniziativa: hanno deciso di non ritirarla, cos\u00ec che i ticinesi saranno chiamati alle urne (<a href=\"https:\/\/adolfotomasini.ch\/wordpress\/wp-content\/uploads\/2017\/06\/CdT-08-06-2017-Siccardi-NON-ritira-liniziativa.pdf\" target=\"_blank\" rel=\"noopener\">Civica, si andr\u00e0 alle urne<\/a>, <em>Corriere del Ticino<\/em> dell\u20198 giugno 2017).<\/p>\n<p>Personalmente ne sono lieto. Tutta la faccenda sembrava un po\u2019 folle e grondava di una certa dose di schizofrenia. Non credo che sia utile ripercorrere la cronaca recente del problema. Basti ricordare che l\u2019iniziativa, che era stata sottoscritta da oltre diecimila cittadini, risale al 2013: al Parlamento sono occorsi quattro anni per generare un compromesso che, alla fin fine, non ha convinto nessuno.<\/p>\n<p>L\u2019imprenditore Alberto Siccardi, deus ex machina della proposta, ha detto che<em> \u00abDopo molte riflessioni sull\u2019opportunit\u00e0 di ritirare o meno l\u2019iniziativa popolare sull\u2019insegnamento della civica nelle scuole ticinesi e dopo aver ascoltato il parere dei promotori al proposito\u00bb <\/em>\u00e8 giunto alla decisione di non ritirare l\u2019iniziativa, di assumersene pienamente le responsabilit\u00e0 e, dunque, di affidare la decisione finale al responso delle urne. E ha aggiunto:<em> \u00abPer chi un domani volesse ostacolare l\u2019applicazione dell\u2019iniziativa, sar\u00e0 molto pi\u00f9 difficile farlo schierandosi anche contro la maggioranza della popolazione, oltre che solo contro la volont\u00e0 del Gran Consiglio\u00bb.<\/em><\/p>\n<p>Per quel che mi concerne voter\u00f2 contro l\u2019iniziativa e contro la decisione del Parlamento. Continuo a pensare che una materia scolastica cos\u00ec concepita non serve a un fico secco. Da segnalare che l&#8217;8 maggio l&#8217;<a href=\"http:\/\/www.atistoria.ch\/atis\/atis25\/\" target=\"_blank\" rel=\"noopener\">Associazione ticinese degli insegnanti di storia<\/a> ha pubblicato una <a href=\"https:\/\/adolfotomasini.ch\/wordpress\/wp-content\/uploads\/2017\/06\/Presa-di-posizione-ATIS-08-05-2017.pdf\" target=\"_blank\" rel=\"noopener\">Presa di posizione<\/a> piuttosto interessante.<\/p>\n<p>Sul quotidiano <em>La Regione<\/em> dell\u20198 giugno \u00e8 invece apparso un articolo molto pregnante di Orazio Martinetti \u2013 <a href=\"https:\/\/adolfotomasini.ch\/wordpress\/wp-content\/uploads\/2017\/06\/Prima-lezione-di-civica-Gramsci-e-Rosselli.pdf\" target=\"_blank\" rel=\"noopener\">Prima lezione di civica: Gramsci e Rosselli<\/a> \u2013, un brillante esempio per tratteggiare uno dei tasselli fondamentali di un\u2019<em>\u00abEducazione civica, alla cittadinanza e alla democrazia diretta\u00bb<\/em> che non si riduca a tre nozioni in croce, tanto per mettere in pace le coscienze sporche.<em><br \/>\n<\/em><\/p>\n<p><a href=\"https:\/\/adolfotomasini.ch\/wordpress\/?attachment_id=3650\" rel=\"attachment wp-att-3650\"><img loading=\"lazy\" decoding=\"async\" class=\"aligncenter size-full wp-image-3650\" src=\"https:\/\/adolfotomasini.ch\/wordpress\/wp-content\/uploads\/2017\/06\/giustizia_e_liberta_18_06_1937.jpg\" alt=\"\" width=\"540\" height=\"300\" srcset=\"https:\/\/adolfotomasini.ch\/wordpress\/wp-content\/uploads\/2017\/06\/giustizia_e_liberta_18_06_1937.jpg 540w, https:\/\/adolfotomasini.ch\/wordpress\/wp-content\/uploads\/2017\/06\/giustizia_e_liberta_18_06_1937-300x167.jpg 300w\" sizes=\"auto, (max-width: 540px) 100vw, 540px\" \/><\/a><\/p>\n","protected":false},"excerpt":{"rendered":"<p>A pochi giorni dalle decisione del Gran consiglio ticinese di inaugurare l\u2019educazione civica come nuova disciplina scolastica a s\u00e9 stante, con tanto di nota sul libretto (si veda, in questo sito, l\u2019ultimo testo che avevo pubblicato sul tema: Il Ticino sar\u00e0 presto \u00abLe meilleur des mondes possibles\u00bb), gioved\u00ec \u00e8 arrivata la decisione da parte dei &hellip; <a href=\"https:\/\/adolfotomasini.ch\/wordpress\/sulleducazione-alla-cittadinanza-si-andra-a-votare\/\" class=\"more-link\">Continua la lettura di <span class=\"screen-reader-text\">Sull\u2019educazione alla cittadinanza si andr\u00e0 a votare<\/span> <span class=\"meta-nav\">&rarr;<\/span><\/a><\/p>\n","protected":false},"author":2,"featured_media":0,"comment_status":"open","ping_status":"closed","sticky":false,"template":"","format":"standard","meta":{"footnotes":""},"categories":[3,10],"tags":[20,28],"class_list":["post-3651","post","type-post","status-publish","format-standard","hentry","category-attualita","category-segnalazioni","tag-educazione-civica","tag-insegnare-la-storia"],"_links":{"self":[{"href":"https:\/\/adolfotomasini.ch\/wordpress\/wp-json\/wp\/v2\/posts\/3651","targetHints":{"allow":["GET"]}}],"collection":[{"href":"https:\/\/adolfotomasini.ch\/wordpress\/wp-json\/wp\/v2\/posts"}],"about":[{"href":"https:\/\/adolfotomasini.ch\/wordpress\/wp-json\/wp\/v2\/types\/post"}],"author":[{"embeddable":true,"href":"https:\/\/adolfotomasini.ch\/wordpress\/wp-json\/wp\/v2\/users\/2"}],"replies":[{"embeddable":true,"href":"https:\/\/adolfotomasini.ch\/wordpress\/wp-json\/wp\/v2\/comments?post=3651"}],"version-history":[{"count":0,"href":"https:\/\/adolfotomasini.ch\/wordpress\/wp-json\/wp\/v2\/posts\/3651\/revisions"}],"wp:attachment":[{"href":"https:\/\/adolfotomasini.ch\/wordpress\/wp-json\/wp\/v2\/media?parent=3651"}],"wp:term":[{"taxonomy":"category","embeddable":true,"href":"https:\/\/adolfotomasini.ch\/wordpress\/wp-json\/wp\/v2\/categories?post=3651"},{"taxonomy":"post_tag","embeddable":true,"href":"https:\/\/adolfotomasini.ch\/wordpress\/wp-json\/wp\/v2\/tags?post=3651"}],"curies":[{"name":"wp","href":"https:\/\/api.w.org\/{rel}","templated":true}]}}