{"id":3669,"date":"2017-06-15T00:19:50","date_gmt":"2017-06-14T22:19:50","guid":{"rendered":"https:\/\/adolfotomasini.ch\/wordpress\/?p=3669"},"modified":"2017-06-15T22:52:08","modified_gmt":"2017-06-15T20:52:08","slug":"le-mediocrazia-e-la-rivelazione-che-la-scienza-non-e-democratica","status":"publish","type":"post","link":"https:\/\/adolfotomasini.ch\/wordpress\/le-mediocrazia-e-la-rivelazione-che-la-scienza-non-e-democratica\/","title":{"rendered":"Le mediocrazia e la rivelazione che la scienza non \u00e8 democratica"},"content":{"rendered":"<p>Nei giorni scorsi ho ricevuto due segnalazioni che mi sono sembrate molto interessanti, bench\u00e9 a un primo colpo d\u2019occhio non si capisce cosa c\u2019entrino la prima con la seconda. E, soprattutto, cosa possano avere a che fare con l\u2019educazione.<\/p>\n<p>Un amico e collega che stimo molto, sebbene di tanto in tanto ci si accapigli senza censure (ad esempio sulla storia del numero di allievi per classe), mi ha messo sotto gli occhi un\u2019intervista pubblicata a fine maggio dal quotidiano <strong>La Stampa<\/strong>. Titolo: <a href=\"http:\/\/www.lastampa.it\/2017\/05\/29\/cultura\/mediocri-di-tutto-il-mondo-vi-siete-uniti-e-avete-vinto-xTCMdydTSMC4zL1moCDPtK\/pagina.html\" target=\"_blank\" rel=\"noopener\">Mediocri di tutto il mondo vi siete uniti. E avete vinto.<\/a>\u00a0(Qualora il link non funzionasse, si pu\u00f2 recuperare l&#8217;intervista <a href=\"https:\/\/adolfotomasini.ch\/wordpress\/wp-content\/uploads\/2017\/06\/LA-STAMPA-29-05-2017-Mediocri-di-tutto-il-mondo.pdf\" target=\"_blank\" rel=\"noopener\">qui<\/a>).<\/p>\n<p>L\u2019intervistato \u00e8 il filosofo canadese Alain Deneault, autore del saggio <em><a href=\"https:\/\/www.libreriauniversitaria.it\/mediocrazia-deneault-alain-neri-pozza\/libro\/9788854514386\" target=\"_blank\" rel=\"noopener\">La mediocrazia<\/a>.<\/em> Naturalmente mi rendo conto della mia stessa mediocrit\u00e0, nel momento in cui segnalo un articolo che gira attorno a un libro che non ho letto e di cui, fino a poche ore fa, non conoscevo l\u2019esistenza. Forse lo stimolo che ne ho ricavato, e che mi porter\u00e0 a leggere il volume con la necessaria curiosit\u00e0, stuzzicher\u00e0 anche la passione di qualche mio lettore.<\/p>\n<figure id=\"attachment_3667\" aria-describedby=\"caption-attachment-3667\" style=\"width: 474px\" class=\"wp-caption aligncenter\"><a href=\"https:\/\/adolfotomasini.ch\/wordpress\/?attachment_id=3667\" rel=\"attachment wp-att-3667\"><img loading=\"lazy\" decoding=\"async\" class=\"wp-image-3667 size-large\" src=\"https:\/\/adolfotomasini.ch\/wordpress\/wp-content\/uploads\/2017\/06\/1024px-Johannes_Kepler_1610-746x1024.jpg\" alt=\"\" width=\"474\" height=\"651\" srcset=\"https:\/\/adolfotomasini.ch\/wordpress\/wp-content\/uploads\/2017\/06\/1024px-Johannes_Kepler_1610-746x1024.jpg 746w, https:\/\/adolfotomasini.ch\/wordpress\/wp-content\/uploads\/2017\/06\/1024px-Johannes_Kepler_1610-218x300.jpg 218w, https:\/\/adolfotomasini.ch\/wordpress\/wp-content\/uploads\/2017\/06\/1024px-Johannes_Kepler_1610-768x1055.jpg 768w, https:\/\/adolfotomasini.ch\/wordpress\/wp-content\/uploads\/2017\/06\/1024px-Johannes_Kepler_1610-600x824.jpg 600w, https:\/\/adolfotomasini.ch\/wordpress\/wp-content\/uploads\/2017\/06\/1024px-Johannes_Kepler_1610.jpg 1024w\" sizes=\"auto, (max-width: 474px) 100vw, 474px\" \/><\/a><figcaption id=\"caption-attachment-3667\" class=\"wp-caption-text\">Johannes von Kepler<\/figcaption><\/figure>\n<p>Pi\u00f9 o meno nelle stesse ore mio figlio mi ha pressoch\u00e9 imposto di recuperare e ascoltare con attenzione la <a href=\"http:\/\/www.raiplay.it\/video\/2017\/06\/In-12-h-b8fa5cdf-40bd-4f1a-94c7-17727569a389.html\" target=\"_blank\" rel=\"noopener\"><em>puntata dell\u201911 giugno di <\/em><strong>In \u00bd ora<\/strong><\/a>, l\u2019appuntamento settimanale di Rai 3 condotto da Lucia Annunziata, ospiti quel giorno Piero Angela, il pi\u00f9 noto divulgatore scientifico italiano, e Roberto Burioni, medico, ricercatore e professore ordinario di microbiologia e virologia. Si \u00e8 parlato di <em>Scienza e opinione pubblica, <\/em>una discussione di grande attualit\u00e0, trattata con chiarezza e rigore: come si conf\u00e0 a una discussione su temi politici senza la protervia dei politici, anche se i temi erano immensi, come il riscaldamento del pianeta o i vaccini: ma lo si \u00e8 fatto senza alzare la voce, anche quando la conduttrice ha messo sul tavolo argomenti non propriamente accomodanti.<\/p>\n<p>Anche in questo caso invito gli amici che mi seguono a prendersi la mezz\u2019ora necessaria per seguire l\u2019emissione, che \u00e8 ricca di spunti interessanti e, per tanti versi, \u201cpedagogici\u201d. Ad esempio che <em>la velocit\u00e0 della luce non si decide per alzata di mano, a maggioranza, <\/em>perch\u00e9 la scienza non \u00e8 democratica.<\/p>\n<p>Oppure s\u2019incappa nella constatazione che <em>nella scuola non si insegna la scienza, ma si insegnano le materie scientifiche \u2013 la biologia, la matematica, la fisica\u2026 ma non si insegna il metodo della scienza, l\u2019etica <\/em>[della scienza].<\/p>\n<p>Vuoi vedere che la diffusione ormai quasi pandemica della mediocrazia ha a che fare con colpevoli strafalcioni educativi come questo?<\/p>\n<p><a href=\"https:\/\/adolfotomasini.ch\/wordpress\/?attachment_id=3668\" rel=\"attachment wp-att-3668\"><img loading=\"lazy\" decoding=\"async\" class=\"aligncenter size-large wp-image-3668\" src=\"https:\/\/adolfotomasini.ch\/wordpress\/wp-content\/uploads\/2017\/06\/Luomo-di-Vitruvio-753x1024.jpg\" alt=\"\" width=\"474\" height=\"645\" srcset=\"https:\/\/adolfotomasini.ch\/wordpress\/wp-content\/uploads\/2017\/06\/Luomo-di-Vitruvio-753x1024.jpg 753w, https:\/\/adolfotomasini.ch\/wordpress\/wp-content\/uploads\/2017\/06\/Luomo-di-Vitruvio-221x300.jpg 221w, https:\/\/adolfotomasini.ch\/wordpress\/wp-content\/uploads\/2017\/06\/Luomo-di-Vitruvio-768x1044.jpg 768w, https:\/\/adolfotomasini.ch\/wordpress\/wp-content\/uploads\/2017\/06\/Luomo-di-Vitruvio-600x816.jpg 600w, https:\/\/adolfotomasini.ch\/wordpress\/wp-content\/uploads\/2017\/06\/Luomo-di-Vitruvio.jpg 1024w\" sizes=\"auto, (max-width: 474px) 100vw, 474px\" \/><\/a><\/p>\n","protected":false},"excerpt":{"rendered":"<p>Nei giorni scorsi ho ricevuto due segnalazioni che mi sono sembrate molto interessanti, bench\u00e9 a un primo colpo d\u2019occhio non si capisce cosa c\u2019entrino la prima con la seconda. E, soprattutto, cosa possano avere a che fare con l\u2019educazione. Un amico e collega che stimo molto, sebbene di tanto in tanto ci si accapigli senza &hellip; <a href=\"https:\/\/adolfotomasini.ch\/wordpress\/le-mediocrazia-e-la-rivelazione-che-la-scienza-non-e-democratica\/\" class=\"more-link\">Continua la lettura di <span class=\"screen-reader-text\">Le mediocrazia e la rivelazione che la scienza non \u00e8 democratica<\/span> <span class=\"meta-nav\">&rarr;<\/span><\/a><\/p>\n","protected":false},"author":2,"featured_media":0,"comment_status":"open","ping_status":"closed","sticky":false,"template":"","format":"standard","meta":{"footnotes":""},"categories":[3],"tags":[22,19],"class_list":["post-3669","post","type-post","status-publish","format-standard","hentry","category-attualita","tag-essenzialita-e-chiarezza","tag-fare-cultura-nella-scuola-dellobbligo"],"_links":{"self":[{"href":"https:\/\/adolfotomasini.ch\/wordpress\/wp-json\/wp\/v2\/posts\/3669","targetHints":{"allow":["GET"]}}],"collection":[{"href":"https:\/\/adolfotomasini.ch\/wordpress\/wp-json\/wp\/v2\/posts"}],"about":[{"href":"https:\/\/adolfotomasini.ch\/wordpress\/wp-json\/wp\/v2\/types\/post"}],"author":[{"embeddable":true,"href":"https:\/\/adolfotomasini.ch\/wordpress\/wp-json\/wp\/v2\/users\/2"}],"replies":[{"embeddable":true,"href":"https:\/\/adolfotomasini.ch\/wordpress\/wp-json\/wp\/v2\/comments?post=3669"}],"version-history":[{"count":0,"href":"https:\/\/adolfotomasini.ch\/wordpress\/wp-json\/wp\/v2\/posts\/3669\/revisions"}],"wp:attachment":[{"href":"https:\/\/adolfotomasini.ch\/wordpress\/wp-json\/wp\/v2\/media?parent=3669"}],"wp:term":[{"taxonomy":"category","embeddable":true,"href":"https:\/\/adolfotomasini.ch\/wordpress\/wp-json\/wp\/v2\/categories?post=3669"},{"taxonomy":"post_tag","embeddable":true,"href":"https:\/\/adolfotomasini.ch\/wordpress\/wp-json\/wp\/v2\/tags?post=3669"}],"curies":[{"name":"wp","href":"https:\/\/api.w.org\/{rel}","templated":true}]}}