{"id":3697,"date":"2017-06-27T16:58:49","date_gmt":"2017-06-27T14:58:49","guid":{"rendered":"https:\/\/adolfotomasini.ch\/wordpress\/?p=3697"},"modified":"2017-06-27T16:59:47","modified_gmt":"2017-06-27T14:59:47","slug":"un-codice-etico-per-la-scuola-tra-principi-e-scelte-concrete","status":"publish","type":"post","link":"https:\/\/adolfotomasini.ch\/wordpress\/un-codice-etico-per-la-scuola-tra-principi-e-scelte-concrete\/","title":{"rendered":"Un codice etico per la scuola, tra princ\u00ecpi e scelte concrete"},"content":{"rendered":"<p>Quello che ha chiuso da poco i battenti, in vista delle vacanze estive, \u00e8 stato un anno scolastico un po\u2019 strano, a tratti convulso. Accanto ad alcune novit\u00e0 che stanno pian piano facendo capolino, questo \u00e8 stato l\u2019anno dove si \u00e8 parlato tanto del progetto \u00abLa scuola che verr\u00e0\u00bb, accanto a piccoli e grandi cambiamenti, che hanno toccato un po\u2019 tutti i settori scolastici. Siamo nel campo di tanti tecnicismi, che non sempre hanno lo stesso significato per chiunque \u2013 e certamente non suscitano chiss\u00e0 quali dibattiti, soprattutto quando gironzolano temi sui quali tutti diventano esperti: penso ai livelli della scuola media o alle soglie d\u2019accesso al liceo, che assorbiscono tutta l\u2019attenzione di politici, sindacati, mass media, insegnanti, genitori, imprenditori e perdigiorno. Cos\u00ec una significativa scelta del pi\u00f9 grande istituto scolastico del cantone \u00e8 assurta agli onori della cronaca al momento della conferenza stampa promossa dal municipio, verso fine febbraio, per poi essere travolta da tutta l\u2019ingegneria di politica scolastica, tanto di moda in questi tempi globalizzati. Sto parlando del Codice etico di cui si sono dotate le scuole comunali di Lugano, presentato dopo un lungo lavoro di riflessione, di osservazione, di studio e di confronto. Il documento di riferimento \u00e8 costituito da due paginette scarse, che illustrano pochi ma fondamentali principi attorno a professionalit\u00e0, rispetto e sicurezza, che sono i valori ai quali le scuole comunali luganesi vogliono ispirarsi.<\/p>\n<p>Va da s\u00e9 che la definizione e l\u2019adozione di un codice etico non risolvono da sole le incertezze e le grane. Sar\u00e0 necessario tener desta l\u2019attenzione, affinch\u00e9 procedure e abitudini molto alla moda non diventino tentazioni per declinare i principi fondatori del codice in dettagliati regolamenti, che in un battibaleno potrebbero trasformarsi nella lista minuziosa dei delitti e delle pene. L\u2019altro rischio, pi\u00f9 subdolo, \u00e8 che, col passare del tempo, il Codice finisca nell\u2019oblio. Certo, non sar\u00e0 facile tenerlo in vita, alimentarlo, aggiornarlo, piegarlo con coerenza ai nuovi eventi e alle nuove emergenze. Sarebbe bello se alla riunione d\u2019inizio anno, quando le maestre e i maestri incontrano i genitori dei loro allievi, e poi gli allievi stessi, ci si prendesse il tempo per condividere insieme qualche principio che soggiace al codice etico, delle discussioni attorno a problemi pratici e comuni: i compiti a casa; i doveri dei maestri e quelli dei genitori, che in parte si sovrappongono, ma in parte no; il ruolo del tempo libero e il diritto all\u2019ozio; l\u2019obbligo, per tutti, di ricordarsi che gli allievi delle scuole comunali sono ragazzini tra i quattro e i dieci anni; internet, facebook, twitter e affini. E che \u00e8 ancora un po\u2019 presto per impostare carriere imprenditoriali, accademiche o da podio olimpico. L\u2019etica della scuola, a volte, passa prima di l\u00ec, poi dai grandi enunciati.<\/p>\n<p>La scuola, col passare degli anni, si \u00e8 arricchita, impoverendosi, di una miriade di leggi, regolamenti, norme, decreti e raccomandazioni. \u00c8 quindi fondamentale avere il coraggio civico di manifestare un tale senso etico e culturale, per condividere le relazioni e lo svolgimento dei compiti di ognuno, nel rispetto dei diversi ruoli educativi, attraverso la professionalit\u00e0 e la garanzia della sicurezza totale: che non \u00e8 solo quella fisica e morale, perch\u00e9 la scuola \u00e8 un luogo dove si deve poter sbagliare senza rischiare chiss\u00e0 quali sanzioni, ci\u00f2 che vale per tutte le sue componenti.<\/p>\n<figure id=\"attachment_3694\" aria-describedby=\"caption-attachment-3694\" style=\"width: 1024px\" class=\"wp-caption aligncenter\"><a href=\"https:\/\/adolfotomasini.ch\/wordpress\/?attachment_id=3694\" rel=\"attachment wp-att-3694\"><img loading=\"lazy\" decoding=\"async\" class=\"wp-image-3694 size-full\" src=\"https:\/\/adolfotomasini.ch\/wordpress\/wp-content\/uploads\/2017\/06\/Aula-FRANSCINI.jpg\" alt=\"\" width=\"1024\" height=\"679\" srcset=\"https:\/\/adolfotomasini.ch\/wordpress\/wp-content\/uploads\/2017\/06\/Aula-FRANSCINI.jpg 1024w, https:\/\/adolfotomasini.ch\/wordpress\/wp-content\/uploads\/2017\/06\/Aula-FRANSCINI-300x199.jpg 300w, https:\/\/adolfotomasini.ch\/wordpress\/wp-content\/uploads\/2017\/06\/Aula-FRANSCINI-768x509.jpg 768w, https:\/\/adolfotomasini.ch\/wordpress\/wp-content\/uploads\/2017\/06\/Aula-FRANSCINI-600x398.jpg 600w\" sizes=\"auto, (max-width: 1024px) 100vw, 1024px\" \/><\/a><figcaption id=\"caption-attachment-3694\" class=\"wp-caption-text\">L&#8217;aula \u00abStefano Franscini\u00bb, allestita nella sede delle Gerre delle scuole comunali di Lugano.<\/figcaption><\/figure>\n<hr \/>\n<p><em><a href=\"https:\/\/adolfotomasini.ch\/wordpress\/wp-content\/uploads\/2017\/06\/Codice-etico-Scuole-Lugano.pdf\" target=\"_blank\" rel=\"noopener\">Qui<\/a> \u00e8 possibile scaricare il comunicato stampa del Municipio della citt\u00e0 di Lugano, la cronistoria che ha portato all\u2019adozione del Codice e il Codice etico.<\/em><\/p>\n","protected":false},"excerpt":{"rendered":"<p>Quello che ha chiuso da poco i battenti, in vista delle vacanze estive, \u00e8 stato un anno scolastico un po\u2019 strano, a tratti convulso. Accanto ad alcune novit\u00e0 che stanno pian piano facendo capolino, questo \u00e8 stato l\u2019anno dove si \u00e8 parlato tanto del progetto \u00abLa scuola che verr\u00e0\u00bb, accanto a piccoli e grandi cambiamenti, &hellip; <a href=\"https:\/\/adolfotomasini.ch\/wordpress\/un-codice-etico-per-la-scuola-tra-principi-e-scelte-concrete\/\" class=\"more-link\">Continua la lettura di <span class=\"screen-reader-text\">Un codice etico per la scuola, tra princ\u00ecpi e scelte concrete<\/span> <span class=\"meta-nav\">&rarr;<\/span><\/a><\/p>\n","protected":false},"author":2,"featured_media":0,"comment_status":"open","ping_status":"closed","sticky":false,"template":"","format":"standard","meta":{"footnotes":""},"categories":[5],"tags":[24,21,12],"class_list":["post-3697","post","type-post","status-publish","format-standard","hentry","category-fuori-dallaula","tag-etica-della-scuola","tag-finalita-della-scuola-dellobbligo","tag-regole-del-gioco"],"_links":{"self":[{"href":"https:\/\/adolfotomasini.ch\/wordpress\/wp-json\/wp\/v2\/posts\/3697","targetHints":{"allow":["GET"]}}],"collection":[{"href":"https:\/\/adolfotomasini.ch\/wordpress\/wp-json\/wp\/v2\/posts"}],"about":[{"href":"https:\/\/adolfotomasini.ch\/wordpress\/wp-json\/wp\/v2\/types\/post"}],"author":[{"embeddable":true,"href":"https:\/\/adolfotomasini.ch\/wordpress\/wp-json\/wp\/v2\/users\/2"}],"replies":[{"embeddable":true,"href":"https:\/\/adolfotomasini.ch\/wordpress\/wp-json\/wp\/v2\/comments?post=3697"}],"version-history":[{"count":0,"href":"https:\/\/adolfotomasini.ch\/wordpress\/wp-json\/wp\/v2\/posts\/3697\/revisions"}],"wp:attachment":[{"href":"https:\/\/adolfotomasini.ch\/wordpress\/wp-json\/wp\/v2\/media?parent=3697"}],"wp:term":[{"taxonomy":"category","embeddable":true,"href":"https:\/\/adolfotomasini.ch\/wordpress\/wp-json\/wp\/v2\/categories?post=3697"},{"taxonomy":"post_tag","embeddable":true,"href":"https:\/\/adolfotomasini.ch\/wordpress\/wp-json\/wp\/v2\/tags?post=3697"}],"curies":[{"name":"wp","href":"https:\/\/api.w.org\/{rel}","templated":true}]}}