{"id":3730,"date":"2017-08-09T23:45:08","date_gmt":"2017-08-09T21:45:08","guid":{"rendered":"https:\/\/adolfotomasini.ch\/wordpress\/?p=3730"},"modified":"2018-05-09T14:16:54","modified_gmt":"2018-05-09T12:16:54","slug":"sono-passati-centanni-ma-la-scuola-vecchia-resiste-in-barba-ai-suoi-acciacchi","status":"publish","type":"post","link":"https:\/\/adolfotomasini.ch\/wordpress\/sono-passati-centanni-ma-la-scuola-vecchia-resiste-in-barba-ai-suoi-acciacchi\/","title":{"rendered":"Sono passati cent\u2019anni, ma la scuola vecchia resiste, in barba ai suoi acciacchi"},"content":{"rendered":"<p>Quando, il 1\u00b0 agosto scorso, ho pubblicato qui <a href=\"https:\/\/adolfotomasini.ch\/wordpress\/?p=3716\" target=\"_blank\" rel=\"noopener\">la mia inchiesta sul IV congresso della <em>Ligue<\/em><em> Internationale pour l\u2019\u00c9ducation Nouvelle (LIEN),<\/em><\/a> che si era tenuto a Locarno dal 3 al 15 agosto 1927, non mi aspettavo certo immediate reazioni, soprattutto locali.<a href=\"https:\/\/adolfotomasini.ch\/wordpress\/?attachment_id=3728\" rel=\"attachment wp-att-3728\"><img loading=\"lazy\" decoding=\"async\" class=\"aligncenter wp-image-3728 size-large\" src=\"https:\/\/adolfotomasini.ch\/wordpress\/wp-content\/uploads\/2017\/08\/Redim_de_Photo_Locarno_1927-1024x565.jpg\" alt=\"\" width=\"474\" height=\"262\" srcset=\"https:\/\/adolfotomasini.ch\/wordpress\/wp-content\/uploads\/2017\/08\/Redim_de_Photo_Locarno_1927-1024x565.jpg 1024w, https:\/\/adolfotomasini.ch\/wordpress\/wp-content\/uploads\/2017\/08\/Redim_de_Photo_Locarno_1927-300x166.jpg 300w, https:\/\/adolfotomasini.ch\/wordpress\/wp-content\/uploads\/2017\/08\/Redim_de_Photo_Locarno_1927-768x424.jpg 768w, https:\/\/adolfotomasini.ch\/wordpress\/wp-content\/uploads\/2017\/08\/Redim_de_Photo_Locarno_1927-600x331.jpg 600w, https:\/\/adolfotomasini.ch\/wordpress\/wp-content\/uploads\/2017\/08\/Redim_de_Photo_Locarno_1927-672x372.jpg 672w, https:\/\/adolfotomasini.ch\/wordpress\/wp-content\/uploads\/2017\/08\/Redim_de_Photo_Locarno_1927-1038x576.jpg 1038w, https:\/\/adolfotomasini.ch\/wordpress\/wp-content\/uploads\/2017\/08\/Redim_de_Photo_Locarno_1927.jpg 1397w\" sizes=\"auto, (max-width: 474px) 100vw, 474px\" \/><\/a>Dal Ticino, che di questi tempi \u00e8 al contempo elettrizzato \u2013 ehi raga!, c\u2019\u00e8 <a href=\"https:\/\/pardo.ch\/it\/pardo\/festival-del-film-locarno\/home.html\" target=\"_blank\" rel=\"noopener\">Locarno Festival<\/a> \u2013 e sonnacchioso, non mi attendevo chiss\u00e0 quali sussulti. Se nessuno se n\u2019\u00e8 accorto per novant\u2019anni, non sar\u00e0 certo uno starnuto nel mio sito a far sussultare gli animi dei pi\u00f9 (che sono in vacanza, mica al Festival del film).<\/p>\n<p>Tuttavia ho ricevuto alcuni messaggi autorevoli, che mi hanno fatto piacere.<\/p>\n<p>Per cominciare Marco Balerna, ex sindaco di Locarno, <a href=\"https:\/\/adolfotomasini.ch\/wordpress\/?p=3716#comment-660\" target=\"_blank\" rel=\"noopener\">ha commentato cos\u00ec<\/a>: <em>Grazie Adolfo per averci ricordato che Locarno non \u00e8 stata solo la \u00abCitt\u00e0 della Pace\u00bb, ma anche \u00abCitt\u00e0 della Scuola\u00bb. Se solo si fosse continuato e perseverato su certi principi e certe realt\u00e0\u2026 Ma cos\u00ec va il mondo: bisogna sempre ricominciare e ricominciare. Che fatica. Ma questo \u00e8 il nostro destino di uomini.<\/em><\/p>\n<p>Nei giorni seguenti, da Ginevra, dove ho studiato, mi sono arrivati altri messaggi che mi hanno fatto un poco arrossire: non cito gli autori, perch\u00e9 non ne ho chiesto il permesso, e non riporto cosa mi hanno scritto, perch\u00e9 va bene un po\u2019 di vanit\u00e0, ma vediamo di non esagerare.<\/p>\n<p>Detto questo voglio segnalare due cose.<\/p>\n<p><strong>1.<\/strong> Il 14 e 15 settembre gli <a href=\"https:\/\/www.unige.ch\/archives\/aijjr\/\" target=\"_blank\" rel=\"noopener\"><em>Archives Institut Jean-Jacques Rousseau<\/em><\/a> organizzano un colloquio internazionale sul tema <a href=\"https:\/\/www.unige.ch\/archives\/aijjr\/geneve-2017\/\" target=\"_blank\" rel=\"noopener\"><em>Gen\u00e8ve, une plateforme de l\u2019internationalisme \u00e9ducatif au 20\u00e8 si\u00e8cle<\/em><\/a>. Va da s\u00e9 che l\u2019utopia della <em>Lega Internazionale per l\u2019Educazione Nuova<\/em> ha molto a che fare con <em>l\u2019esprit \u00e9ducatif genevois.<\/em> Chi \u00e8 interessato (io lo sono, ma in quei giorni dovr\u00f2 essere a Locarno, perch\u00e9 c\u2019\u00e8 \u00abPiazzaparola\u00bb, di cui scriver\u00f2 da qui a l\u00e0) trova all\u2019indirizzo indicato tutto quel che serve.<\/p>\n<p><a href=\"https:\/\/adolfotomasini.ch\/wordpress\/?attachment_id=3727\" rel=\"attachment wp-att-3727\"><img loading=\"lazy\" decoding=\"async\" class=\"aligncenter wp-image-3727 size-full\" src=\"https:\/\/adolfotomasini.ch\/wordpress\/wp-content\/uploads\/2017\/08\/bandeau_colloque.jpg\" alt=\"\" width=\"600\" height=\"200\" srcset=\"https:\/\/adolfotomasini.ch\/wordpress\/wp-content\/uploads\/2017\/08\/bandeau_colloque.jpg 600w, https:\/\/adolfotomasini.ch\/wordpress\/wp-content\/uploads\/2017\/08\/bandeau_colloque-300x100.jpg 300w\" sizes=\"auto, (max-width: 600px) 100vw, 600px\" \/><\/a><strong>2.<\/strong> Inoltre: il mio fascicolo <a href=\"https:\/\/adolfotomasini.ch\/wordpress\/wp-content\/uploads\/2017\/08\/1927-Locarno-accoglie-LIEN-standard.pdf\" target=\"_blank\" rel=\"noopener\"><em>1927: Locarno accoglie l\u2019Educazione Nuova<\/em><\/a> \u00e8 ora disponibile anche nel sito di <a href=\"http:\/\/lelien2.org\/\" target=\"_blank\" rel=\"noopener\"><em>Lien International d\u2019\u00c9ducation Nouvelle<\/em><\/a><em>.<\/em> Ne sono contento, perch\u00e9 anche cos\u00ec si offre una maggiore diffusione alle idee di cui sono portatori i due LIEN, quello di oggi e quello di un secolo fa, <em>che continuano a sognare un cambiamento del contratto scolastico, per andare verso una scuola che non etichetti pi\u00f9 nessuno e che non selezioni pi\u00f9 la giovent\u00f9, ma la istruisca e la educhi, seriamente e con gioia.<\/em><\/p>\n<p>Il <em>Manifesto<\/em> di LIEN, nato durante il simposio di un anno fa a Villeurbanne, nei pressi di Lione (lo si pu\u00f2 scaricare <a href=\"https:\/\/adolfotomasini.ch\/wordpress\/wp-content\/uploads\/2017\/08\/Manifeste-Utopies.pdf\" target=\"_blank\" rel=\"noopener\">qui<\/a>) \u00e8 di grande interesse, meglio ancora se si riesce a leggerlo tenendo in filigrana le (H)armo(S)nizzazioni odierne \u2013 in bilico tra editti dai toni suadenti e piani di studio di non esemplare chiarezza \u2013 la Scuola che verr\u00e0 e i tanti dibattiti un po\u2019 scontati, che si susseguono negli ambienti politici e si riflettono specularmente sui media.<\/p>\n<p>Mi limito a citare due o tre argomenti, tratti dal <em>Manifesto,<\/em> che fanno spesso capolino nei discorsi dei politici e che, naturalmente, rispecchiano e rinvigoriscono i pareri dell\u2019opinione pubblica.<\/p>\n<ul>\n<li><strong>La fratellanza confusa con la compassione<\/strong>, che valorizza l\u2019aiuto e il sostegno ai pi\u00f9 sfavoriti, rafforzando e legittimando in tal modo le disuguaglianze.<\/li>\n<li><strong>\u00abLe pari opportunit\u00e0\u00bb, falsamente garantite dalla Scuola<\/strong>, che sono una frottola sociale, perch\u00e9 consolidano un sistema ingiusto, insinuando in ognuno il convincimento di \u00abmeritare\u00bb la propria sorte. Attraverso le cosiddette <em>pari opportunit\u00e0<\/em> si impedisce che si protesti o che si esiga chiss\u00e0 che, dal momento che si \u00e8 fatto di tutto per offrire a ognuno la possibilit\u00e0 di riuscire. Si tratta di una mistificazione che scaturisce dal presupposto che il successo degli uni e l\u2019insuccesso degli altri si spiegano attraverso i \u201cdoni\u201d ricevuti alla nascita o i meriti personali.<\/li>\n<li><strong>La certezza che la competizione<\/strong> accresce la motivazione, incoraggia l\u2019apprendimento e giustifica sforzi e sacrifici, dissociando il piacere e il lavoro.<\/li>\n<li><strong>Transeat,<\/strong> invece, sul tema della <em>differenziazione,<\/em> un\u2019araba fenice dalle millanta interpretazioni (di comodo).<\/li>\n<\/ul>\n<p>Insomma: secondo un modo di dire comune la scuola, parlo di quella dell\u2019obbligo, \u00e8 un cantiere sempre in movimento, per dire che si \u00e8 pronti ad affrontare, giorno dopo giorno, ogni novit\u00e0.<\/p>\n<p>Eppure, ogni tanto, viene il dubbio che anche la scuola, a immagine del capolavoro di Tomasi di Lampedusa, auspichi che sotto sotto<em> \u00abSe vogliamo che tutto rimanga come \u00e8, bisogna che tutto cambi\u00bb.<\/em><\/p>\n","protected":false},"excerpt":{"rendered":"<p>Quando, il 1\u00b0 agosto scorso, ho pubblicato qui la mia inchiesta sul IV congresso della Ligue Internationale pour l\u2019\u00c9ducation Nouvelle (LIEN), che si era tenuto a Locarno dal 3 al 15 agosto 1927, non mi aspettavo certo immediate reazioni, soprattutto locali.Dal Ticino, che di questi tempi \u00e8 al contempo elettrizzato \u2013 ehi raga!, c\u2019\u00e8 Locarno &hellip; <a href=\"https:\/\/adolfotomasini.ch\/wordpress\/sono-passati-centanni-ma-la-scuola-vecchia-resiste-in-barba-ai-suoi-acciacchi\/\" class=\"more-link\">Continua la lettura di <span class=\"screen-reader-text\">Sono passati cent\u2019anni, ma la scuola vecchia resiste, in barba ai suoi acciacchi<\/span> <span class=\"meta-nav\">&rarr;<\/span><\/a><\/p>\n","protected":false},"author":2,"featured_media":0,"comment_status":"open","ping_status":"closed","sticky":false,"template":"","format":"standard","meta":{"footnotes":""},"categories":[3],"tags":[24,21,31,30,12,15],"class_list":["post-3730","post","type-post","status-publish","format-standard","hentry","category-attualita","tag-etica-della-scuola","tag-finalita-della-scuola-dellobbligo","tag-indifferenza-alle-differenze","tag-pari-opportunita","tag-regole-del-gioco","tag-valutazione"],"_links":{"self":[{"href":"https:\/\/adolfotomasini.ch\/wordpress\/wp-json\/wp\/v2\/posts\/3730","targetHints":{"allow":["GET"]}}],"collection":[{"href":"https:\/\/adolfotomasini.ch\/wordpress\/wp-json\/wp\/v2\/posts"}],"about":[{"href":"https:\/\/adolfotomasini.ch\/wordpress\/wp-json\/wp\/v2\/types\/post"}],"author":[{"embeddable":true,"href":"https:\/\/adolfotomasini.ch\/wordpress\/wp-json\/wp\/v2\/users\/2"}],"replies":[{"embeddable":true,"href":"https:\/\/adolfotomasini.ch\/wordpress\/wp-json\/wp\/v2\/comments?post=3730"}],"version-history":[{"count":0,"href":"https:\/\/adolfotomasini.ch\/wordpress\/wp-json\/wp\/v2\/posts\/3730\/revisions"}],"wp:attachment":[{"href":"https:\/\/adolfotomasini.ch\/wordpress\/wp-json\/wp\/v2\/media?parent=3730"}],"wp:term":[{"taxonomy":"category","embeddable":true,"href":"https:\/\/adolfotomasini.ch\/wordpress\/wp-json\/wp\/v2\/categories?post=3730"},{"taxonomy":"post_tag","embeddable":true,"href":"https:\/\/adolfotomasini.ch\/wordpress\/wp-json\/wp\/v2\/tags?post=3730"}],"curies":[{"name":"wp","href":"https:\/\/api.w.org\/{rel}","templated":true}]}}