{"id":4326,"date":"2018-05-15T17:00:28","date_gmt":"2018-05-15T15:00:28","guid":{"rendered":"https:\/\/adolfotomasini.ch\/wordpress\/?p=4326"},"modified":"2018-05-15T16:53:28","modified_gmt":"2018-05-15T14:53:28","slug":"se-la-scuola-non-detta-piu-i-ritmi-quasi-a-nessuno","status":"publish","type":"post","link":"https:\/\/adolfotomasini.ch\/wordpress\/se-la-scuola-non-detta-piu-i-ritmi-quasi-a-nessuno\/","title":{"rendered":"Se la scuola non detta pi\u00f9 i ritmi quasi a nessuno"},"content":{"rendered":"<p>Un ex collega e amico, col quale, da un po\u2019, non si va pi\u00f9 molto d\u2019accordo sulle cose scolastiche, mi ha apostrofato via posta elettronica: \u00abSei sicuro che la scuola sia davvero obbligatoria? Negli ultimi anni che insegnavo ho notato che, con scuse varie, c\u2019\u00e8 chi parte per le vacanze prima del termine, chi torna dopo, chi ha appuntamenti dal medico o dal dentista: l\u2019obbligatoriet\u00e0 \u00e8 sempre pi\u00f9 teorica\u00bb. Be\u2019, se si guarda la scuola da questo punto di vista, ha naturalmente ragione lui. Confermo, la situazione, oggi, \u00e8 quella. Questo considerare il calendario scolastico come un\u2019indicazione generica e non come un dovere \u00e8 iniziato una trentina di anni fa, dapprima nelle settimane a cavallo del Natale, complice la presenza di immigrati da posti lontani, che qua non avevano radici. Cos\u00ec partivano o tornavano in accordo coi loro datori di lavoro, non sempre con la scuola. Poi, piano piano, il fenomeno si \u00e8 allargato e oggi, ove pi\u00f9 ove meno, questo calendario pr\u00eat-\u00e0-porter riguarda tutto l\u2019anno scolastico \u2013 e tante famiglie indigene.<\/p>\n<p>Mio padre, che lavorava nell\u2019edilizia, raccontava di molti muratori cos\u00ec iellati che, all\u2019avvicinarsi del Natale, dovevano partire improvvisamente per il sud Italia, per stare vicini a genitori e nonni pronti a imbarcarsi per l\u2019aldil\u00e0. Erano figli senza essere padri. \u00c8 un fenomeno che, tempo dopo, ho conosciuto anch\u2019io, da direttore di scuola. Tante famiglie provenienti dai quattro angoli del pianeta avevano i parenti pi\u00f9 cari molto lontani, e anche loro, ogni tanto, sembravano l\u00ec l\u00ec per salpare, proprio sotto Natale. Naturalmente c\u2019erano anche famiglie pi\u00f9 sincere, che sfruttavano questa o quell\u2019altra festivit\u00e0 per organizzare una vacanza extra, e chiedevano il permesso.<\/p>\n<p>Insomma, sono finiti i tempi in cui la scuola dettava i ritmi urbi et orbi. Per quasi tutto il secolo scorso il rispetto del calendario scolastico \u00e8 stato totale. Il primo giorno di scuola erano tutti l\u00ec, puntuali, emozionati e lustri; e fino a met\u00e0 giugno, fosse pure tra uno sbadiglio e l\u2019altro, nessuno si sognava di inventare giustificazioni intricate per scappar via qualche giorno dalla scuola \u2013 neanche il sabato mattina, che era ancora giorno di lezioni. Ma era visibilmente un altro mondo, con una diversa organizzazione del lavoro.<\/p>\n<p>\u00c8 sotto gli occhi di tutti qualche evidente incongruenza. In molte localit\u00e0, ad esempio, una percentuale significativa di padri e madri \u00e8 impiegata nell\u2019industria turistica. La scuola, per\u00f2, a met\u00e0 giugno abbassa le saracinesche. Cos\u00ec schiere di bimbi e ragazzi trascorreranno la lunga estate in colonia e nei doposcuola, oppure in paesi a diverse ore da noi, ospiti di nonni e parenti vari. Alla riapertura della scuola torneranno in aula, stanchi ma felici di ritrovare la loro quotidianit\u00e0. Poi i maestri diranno che non ricordano pi\u00f9 nulla di quel che avevano imparato entro giugno, magari con tanta fatica. Diranno, i maestri, che i ragazzi di oggi non sanno pi\u00f9 fissare nel tempo quel che hanno appreso. Daranno la colpa alle famiglie, che se ne infischiano, e a smartphone e tablet, che mandano alla svelta il cervello (degli altri) in pappa.<\/p>\n<p>I tempi della scuola sono un altro immobilismo istituzionale che \u00e8 difficile da capire, se non alla luce di un conservatorismo fine a s\u00e9 stesso: si \u00e8 fatto cos\u00ec sin dal paleolitico della scuola repubblicana; e, tra alti e bassi, eccoci qua, noi ricchi occidentali, cittadini del mondo, interconnessi l\u2019un l\u2019altro grazie al web. Cosa c\u2019\u00e8 che non va, dunque?<\/p>\n","protected":false},"excerpt":{"rendered":"<p>Un ex collega e amico, col quale, da un po\u2019, non si va pi\u00f9 molto d\u2019accordo sulle cose scolastiche, mi ha apostrofato via posta elettronica: \u00abSei sicuro che la scuola sia davvero obbligatoria? Negli ultimi anni che insegnavo ho notato che, con scuse varie, c\u2019\u00e8 chi parte per le vacanze prima del termine, chi torna &hellip; <a href=\"https:\/\/adolfotomasini.ch\/wordpress\/se-la-scuola-non-detta-piu-i-ritmi-quasi-a-nessuno\/\" class=\"more-link\">Continua la lettura di <span class=\"screen-reader-text\">Se la scuola non detta pi\u00f9 i ritmi quasi a nessuno<\/span> <span class=\"meta-nav\">&rarr;<\/span><\/a><\/p>\n","protected":false},"author":2,"featured_media":0,"comment_status":"open","ping_status":"closed","sticky":false,"template":"","format":"standard","meta":{"footnotes":""},"categories":[5],"tags":[31,12],"class_list":["post-4326","post","type-post","status-publish","format-standard","hentry","category-fuori-dallaula","tag-indifferenza-alle-differenze","tag-regole-del-gioco"],"_links":{"self":[{"href":"https:\/\/adolfotomasini.ch\/wordpress\/wp-json\/wp\/v2\/posts\/4326","targetHints":{"allow":["GET"]}}],"collection":[{"href":"https:\/\/adolfotomasini.ch\/wordpress\/wp-json\/wp\/v2\/posts"}],"about":[{"href":"https:\/\/adolfotomasini.ch\/wordpress\/wp-json\/wp\/v2\/types\/post"}],"author":[{"embeddable":true,"href":"https:\/\/adolfotomasini.ch\/wordpress\/wp-json\/wp\/v2\/users\/2"}],"replies":[{"embeddable":true,"href":"https:\/\/adolfotomasini.ch\/wordpress\/wp-json\/wp\/v2\/comments?post=4326"}],"version-history":[{"count":0,"href":"https:\/\/adolfotomasini.ch\/wordpress\/wp-json\/wp\/v2\/posts\/4326\/revisions"}],"wp:attachment":[{"href":"https:\/\/adolfotomasini.ch\/wordpress\/wp-json\/wp\/v2\/media?parent=4326"}],"wp:term":[{"taxonomy":"category","embeddable":true,"href":"https:\/\/adolfotomasini.ch\/wordpress\/wp-json\/wp\/v2\/categories?post=4326"},{"taxonomy":"post_tag","embeddable":true,"href":"https:\/\/adolfotomasini.ch\/wordpress\/wp-json\/wp\/v2\/tags?post=4326"}],"curies":[{"name":"wp","href":"https:\/\/api.w.org\/{rel}","templated":true}]}}