{"id":4949,"date":"2019-07-27T23:29:16","date_gmt":"2019-07-27T21:29:16","guid":{"rendered":"https:\/\/adolfotomasini.ch\/wordpress\/?p=4949"},"modified":"2019-07-27T23:29:16","modified_gmt":"2019-07-27T21:29:16","slug":"speranza-nella-cultura","status":"publish","type":"post","link":"https:\/\/adolfotomasini.ch\/wordpress\/speranza-nella-cultura\/","title":{"rendered":"Speranza nella cultura"},"content":{"rendered":"<p>Lo scrittore Andrea Fazioli ha inaugurato nel 2015 un suo blog, in cui parla e scrive dei suoi libri, dei suoi racconti e dei suoi \u00abesperimenti letterari\u00bb.<\/p>\n<p>Qualche giorno fa ha pubblicato un articolo inconsueto, <a href=\"http:\/\/andreafazioli.ch\/blog\/2019\/07\/24\/speranza-nellislam\/\" target=\"_blank\" rel=\"noopener noreferrer\">Speranza nell\u2019Islam<\/a>, che inizia cos\u00ec:<\/p>\n<blockquote><p><em>Stavo viaggiando in treno. Un uomo sulla trentina si \u00e8 rivolto a me, dicendomi di avere letto un paio di miei romanzi. In particolare gli \u00e8 piaciuto quello pi\u00f9 recente <\/em>(Gli Svizzeri muoiono felici);<em> in pi\u00f9 segue la serie <\/em>\u201cIl commissario e la badante\u201d,<em> i cui racconti escono ogni settimana sulla rivista svizzera \u201cCooperazione\u201d. Dopo i complimenti, l\u2019uomo ha detto che doveva farmi un rimprovero. <\/em><em>\u00abSecondo me lei parla troppo degli islamici.\u00bb<\/em><\/p><\/blockquote>\n<p>Il quarto commento all\u2019articolo ha un inizio lapidario: \u00abQuesto post \u00e8 una vergogna!\u00bb<\/p>\n<p>\u00c8 l\u00ec che ho sentito il bisogno di aggiungere anche una mia breve riflessione, forse per una certa affinit\u00e0 di pensiero con Andrea.<\/p>\n<p>Eccola.<\/p>\n<hr \/>\n<p>Caro Andrea, vedo che la tua riflessione sull\u2019Islam \u00e8 andata di traverso a qualche stomaco delicato. Hai preso dello svergognato, del socialista, dell\u2019impegnato (con le virgolette a mo\u2019 di superlativo; o in mancanza di un lessico pi\u00f9 specifico), del fazioso (\u00abTroppo facile citare solo gli autori che piacciono a lei\u00bb).<\/p>\n<p>Ti hanno risparmiato di essere un professorone, si vede che la parola non gli \u00e8 venuta.<\/p>\n<p>Per mestiere e da cittadino ho imparato che cattivi, cretini, fascisti e via elencando non hanno nazionalit\u00e0, religione, status sociale. Ci sono forse delle responsabilit\u00e0 del e nel sistema formativo \u2013 e di quelli della mia generazione, senza naturalmente fare di ogni erba un fascio.<\/p>\n<p>\u00c8 pure cambiato tutto il sistema di informazione. Ha scritto lo scrittore Bruno Morchio: \u00abNell\u2019era di Internet \u00e8 diventato impossibile censurare una notizia. Tutto quello che si pu\u00f2 fare \u00e8 evitare che essa venga recepita, facendola scomparire in una pletora di informazioni. Tecnicamente, si chiama azzerare la <em>differenza<\/em> accrescendo la <em>ridondanza.<\/em> Sopprimere e reprimere \u00e8 costoso e poco remunerativo. Molto meglio allungare e diluire, come il caff\u00e8 americano rispetto al [nostro] espresso.\u00bb<\/p>\n<p>Mentre ti leggevo mi \u00e8 venuta in mente la storia di un giovane che ho conosciuto pochi anni fa, quando aveva vent\u2019anni. Era nato nel nostro paese, da una mamma ticinese e da un pap\u00e0 immigrato. Un uomo buono, laborioso, intelligente. Si chiamava Nassim e aveva abbracciato la religione islamica. Nel luglio del 2015, a Londra, ha sposato Hafsa, una giovane insegnante in un liceo della city, diplomata a Oxford: l\u2019aveva conosciuta nella capitale britannica, dove lavorava in quegli anni.<\/p>\n<p>Qualche giorno dopo l\u2019ultimo Natale era venuto a casa nostra con Hafsa, per salutarci e per gli auguri. Un cancro terribile lo faceva visibilmente soffrire. Cos\u00ec, da qualche tempo, era tornato in Ticino con la sua sposa, per curarsi nei nostri ospedali e, immagino, per essere vicino ai suoi genitori.<\/p>\n<p>Era stata una chiacchierata emozionante e piena di ottimismo, soprattutto da parte sua. Ci eravamo salutati con un arrivederci a presto, il tempo di mettere al tappeto il male.<\/p>\n<p>Pochi giorni dopo, il 20 gennaio, se n\u2019\u00e8 andato, senza mai aver avuto il tempo o il temperamento per far del male a (o di pensare male di) qualcuno. Da allora il suo corpo giace nel cimitero islamico di Lugano.<\/p>\n","protected":false},"excerpt":{"rendered":"<p>Lo scrittore Andrea Fazioli ha inaugurato nel 2015 un suo blog, in cui parla e scrive dei suoi libri, dei suoi racconti e dei suoi \u00abesperimenti letterari\u00bb. Qualche giorno fa ha pubblicato un articolo inconsueto, Speranza nell\u2019Islam, che inizia cos\u00ec: Stavo viaggiando in treno. Un uomo sulla trentina si \u00e8 rivolto a me, dicendomi di &hellip; <a href=\"https:\/\/adolfotomasini.ch\/wordpress\/speranza-nella-cultura\/\" class=\"more-link\">Continua la lettura di <span class=\"screen-reader-text\">Speranza nella cultura<\/span> <span class=\"meta-nav\">&rarr;<\/span><\/a><\/p>\n","protected":false},"author":2,"featured_media":0,"comment_status":"open","ping_status":"closed","sticky":false,"template":"","format":"standard","meta":{"footnotes":""},"categories":[3],"tags":[20],"class_list":["post-4949","post","type-post","status-publish","format-standard","hentry","category-attualita","tag-educazione-civica"],"_links":{"self":[{"href":"https:\/\/adolfotomasini.ch\/wordpress\/wp-json\/wp\/v2\/posts\/4949","targetHints":{"allow":["GET"]}}],"collection":[{"href":"https:\/\/adolfotomasini.ch\/wordpress\/wp-json\/wp\/v2\/posts"}],"about":[{"href":"https:\/\/adolfotomasini.ch\/wordpress\/wp-json\/wp\/v2\/types\/post"}],"author":[{"embeddable":true,"href":"https:\/\/adolfotomasini.ch\/wordpress\/wp-json\/wp\/v2\/users\/2"}],"replies":[{"embeddable":true,"href":"https:\/\/adolfotomasini.ch\/wordpress\/wp-json\/wp\/v2\/comments?post=4949"}],"version-history":[{"count":0,"href":"https:\/\/adolfotomasini.ch\/wordpress\/wp-json\/wp\/v2\/posts\/4949\/revisions"}],"wp:attachment":[{"href":"https:\/\/adolfotomasini.ch\/wordpress\/wp-json\/wp\/v2\/media?parent=4949"}],"wp:term":[{"taxonomy":"category","embeddable":true,"href":"https:\/\/adolfotomasini.ch\/wordpress\/wp-json\/wp\/v2\/categories?post=4949"},{"taxonomy":"post_tag","embeddable":true,"href":"https:\/\/adolfotomasini.ch\/wordpress\/wp-json\/wp\/v2\/tags?post=4949"}],"curies":[{"name":"wp","href":"https:\/\/api.w.org\/{rel}","templated":true}]}}