{"id":4976,"date":"2019-09-07T10:41:40","date_gmt":"2019-09-07T08:41:40","guid":{"rendered":"https:\/\/adolfotomasini.ch\/wordpress\/?p=4976"},"modified":"2019-09-07T10:41:40","modified_gmt":"2019-09-07T08:41:40","slug":"gli-svogliati-e-il-patto-della-scuola-col-paese","status":"publish","type":"post","link":"https:\/\/adolfotomasini.ch\/wordpress\/gli-svogliati-e-il-patto-della-scuola-col-paese\/","title":{"rendered":"Gli svogliati e il patto della scuola col paese"},"content":{"rendered":"<p>Gli ultimi scorci d\u2019agosto hanno coinciso coi riti che lanciano un nuovo anno scolastico, con le vetrine dei negozi che ammiccavano a scolari e studenti e i giornali pieni di statistiche \u2013 tot docenti, tot allievi \u2013 e riflessioni sulla scuola che, di l\u00ec a qualche giorno, avrebbe alzato il sipario sulla nuova e spettacolare puntata sui temi dell\u2019istruzione e dell\u2019educazione dei futuri cittadini. Ancora una volta hanno tenuto banco la mobilit\u00e0 lenta e qualche iniziativa insolita. C\u2019\u00e8 un istituto, per dire, che vende banchi di scuola vintage a prezzi stracciati per comprare nidi per le rondini. Problemi grassi della scuola che c\u2019\u00e8 gi\u00e0.<\/p>\n<p>Qua e l\u00e0 ha fatto capolino la condanna degli svogliati. Il popolo sovrano ha mostrato il pollice verso alla \u00abScuola che verr\u00e0\u00bb, che \u00e8 il parere dell\u2019arena: le note scolastiche sono l\u2019asse portante della scuola, per cui se, poniamo, un ragazzino di sei anni non impara un po\u2019 in fretta a scrivere le prime semplici frasette \u2013 diciamo entro Natale \u2013 ci sono solo due possibilit\u00e0: \u00e8 un incapace o un fannullone. Nell\u2019uno come nell\u2019altro caso, meglio intervenire subito con dei brutti voti, cos\u00ec si risparmiano energie superflue e si evita che i genitori covino progetti irrealizzabili.<\/p>\n<p>In questo rito, che ha in s\u00e9, per definizione, un che di ripetitivo, Ernesto Galli Della Loggia, (CdT del 24 agosto), ha sostenuto che \u00abPoche istituzioni come la scuola hanno risentito dei grandi cambiamenti intervenuti negli ultimi decenni nelle nostre societ\u00e0. A cominciare dal cambiamento principale: e cio\u00e8 che nel complesso siamo diventati una societ\u00e0 ricca, largamente soddisfatta, appagata anche in molti bisogni superflui\u00bb. E poi: \u00abQuando eravamo meno benestanti era naturale guardare alla scuola come a uno strumento decisivo perch\u00e9 i figli migliorassero la condizione familiare di partenza. Farli studiare era considerato come l\u2019occasione unica e irripetibile per uscire dal disagio e dalla privazione, per salire nella scala sociale. Questo fenomeno in buona parte non esiste pi\u00f9\u00bb. Concordo che il patto tra la scuola e la societ\u00e0 \u00e8 saltato. Per dirne una, l\u2019inserimento nel mondo del lavoro era praticamente garantito sin dagli anni \u201950, e pi\u00f9 si andava lontano con la formazione, pi\u00f9 \u00abda grandi\u00bb si sarebbero svolte professioni ben retribuite e socialmente riconosciute. Gi\u00e0 da un bel po\u2019 di anni questa equazione \u00e8 stata spazzata via, salvo per quei pochi che seguono le orme dei padri \u2013 a patto, per lo pi\u00f9, che ci sia da ereditare uno studio o una ditta, e non da costruire ex novo.<\/p>\n<p>Gli ultimi rilevamenti statistici raccontano per\u00f2 che la sottoccupazione ha raggiunto livelli mai visti prima, che l\u2019interinato \u00e8 vieppi\u00f9 una regola con cui fare i conti e che il nostro \u00e8 il cantone coi salari pi\u00f9 bassi della Svizzera \u2013 mentre, per dire, un pacco di pasta della Migros costa uguale a Locarno o Zurigo. Va da s\u00e9, questa tendenza colpisce ampiamente i giovani.<\/p>\n<p>Parrebbe insomma che tutta la fregola efficientista della politica scolastica dell\u2019ultimo trentennio, culminata finora nei nuovi piani di studio, pretenziosi e illusori, non abbia fin qui prodotto granch\u00e9. Sull\u2019altare di un contratto fallace tra la scuola, la finanza e l\u2019imprenditoria si sono sacrificati valori che in troppi \u2013 dalla politica ai sindacati ai media \u2013 hanno ritenuto sorpassati e inutili. Ridateci la storia, la geografia e le arti, che almeno ci permetteranno di capire il presente e di progettare un futuro pi\u00f9 giusto. Con tutto il rispetto per le rondini, prediligo ancora Leopardi.<\/p>\n","protected":false},"excerpt":{"rendered":"<p>Gli ultimi scorci d\u2019agosto hanno coinciso coi riti che lanciano un nuovo anno scolastico, con le vetrine dei negozi che ammiccavano a scolari e studenti e i giornali pieni di statistiche \u2013 tot docenti, tot allievi \u2013 e riflessioni sulla scuola che, di l\u00ec a qualche giorno, avrebbe alzato il sipario sulla nuova e spettacolare &hellip; <a href=\"https:\/\/adolfotomasini.ch\/wordpress\/gli-svogliati-e-il-patto-della-scuola-col-paese\/\" class=\"more-link\">Continua la lettura di <span class=\"screen-reader-text\">Gli svogliati e il patto della scuola col paese<\/span> <span class=\"meta-nav\">&rarr;<\/span><\/a><\/p>\n","protected":false},"author":2,"featured_media":0,"comment_status":"open","ping_status":"closed","sticky":false,"template":"","format":"standard","meta":{"footnotes":""},"categories":[5],"tags":[21,29,31,33,28,17,11,30,12,15],"class_list":["post-4976","post","type-post","status-publish","format-standard","hentry","category-fuori-dallaula","tag-finalita-della-scuola-dellobbligo","tag-harmos","tag-indifferenza-alle-differenze","tag-insegnamento-delle-lingue","tag-insegnare-la-storia","tag-limportanza-dellarte","tag-la-scuola-che-verra","tag-pari-opportunita","tag-regole-del-gioco","tag-valutazione"],"_links":{"self":[{"href":"https:\/\/adolfotomasini.ch\/wordpress\/wp-json\/wp\/v2\/posts\/4976","targetHints":{"allow":["GET"]}}],"collection":[{"href":"https:\/\/adolfotomasini.ch\/wordpress\/wp-json\/wp\/v2\/posts"}],"about":[{"href":"https:\/\/adolfotomasini.ch\/wordpress\/wp-json\/wp\/v2\/types\/post"}],"author":[{"embeddable":true,"href":"https:\/\/adolfotomasini.ch\/wordpress\/wp-json\/wp\/v2\/users\/2"}],"replies":[{"embeddable":true,"href":"https:\/\/adolfotomasini.ch\/wordpress\/wp-json\/wp\/v2\/comments?post=4976"}],"version-history":[{"count":0,"href":"https:\/\/adolfotomasini.ch\/wordpress\/wp-json\/wp\/v2\/posts\/4976\/revisions"}],"wp:attachment":[{"href":"https:\/\/adolfotomasini.ch\/wordpress\/wp-json\/wp\/v2\/media?parent=4976"}],"wp:term":[{"taxonomy":"category","embeddable":true,"href":"https:\/\/adolfotomasini.ch\/wordpress\/wp-json\/wp\/v2\/categories?post=4976"},{"taxonomy":"post_tag","embeddable":true,"href":"https:\/\/adolfotomasini.ch\/wordpress\/wp-json\/wp\/v2\/tags?post=4976"}],"curies":[{"name":"wp","href":"https:\/\/api.w.org\/{rel}","templated":true}]}}