{"id":5171,"date":"2020-08-23T22:30:07","date_gmt":"2020-08-23T20:30:07","guid":{"rendered":"https:\/\/adolfotomasini.ch\/wordpress\/?p=5171"},"modified":"2020-08-23T18:28:06","modified_gmt":"2020-08-23T16:28:06","slug":"le-aule-restino-un-luogo-privilegiato-dove-sbagliare-ma-senza-farsi-male","status":"publish","type":"post","link":"https:\/\/adolfotomasini.ch\/wordpress\/le-aule-restino-un-luogo-privilegiato-dove-sbagliare-ma-senza-farsi-male\/","title":{"rendered":"Le aule restino un luogo privilegiato dove sbagliare ma senza farsi male"},"content":{"rendered":"<p>Quando si parla di differenziazione dell\u2019insegnamento pare sempre che si voglia uniformare tutto, che l\u2019obiettivo sia quello di portare tutti al medesimo livello, quello pi\u00f9 basso. \u00c8 una delle parole della scuola che ognuno definisce come gli fa comodo. L\u2019unica cosa certa \u00e8 che siamo tutti diversi l\u2019uno dall\u2019altro \u2013 e non mi riferisco alle diversit\u00e0 pi\u00f9 evidenti, come la statura, il genere, la corporatura, il colore della pelle e degli occhi. Dato che parliamo di scuola, in particolare di scuola obbligatoria, il riferimento \u00e8 a ben altre caratteristiche individuali, alcune fornite direttamente dalla natura tramite una madre e un padre; altre che si sono sviluppate e continuano a svilupparsi attraverso le relazioni sociali, le conoscenze che si acquisiscono formalmente o informalmente, le esperienze che si fanno giorno dopo giorno, quasi sempre senza neanche accorgersene e ignorandone l\u2019eventuale importanza.<\/p>\n<p>Sta di fatto che quando arriviamo a scuola \u2013 e ci arriviamo perch\u00e9 lo stato ci obbliga \u2013 siamo tutti in grado di imparare quel che la scuola ha deciso di insegnarci; nel contempo ognuno ha tempi e stili di apprendimento diversi. Un curioso racconto di Isaac Asimov, pubblicato nel 1951 col titolo \u00abChiss\u00e0 come si divertivano\u00bb, immagina come la societ\u00e0 del 2157 abbia risolto il problema delle nostre tante diversit\u00e0 per mezzo di un \u00abinsegnante meccanico\u00bb per ogni allievo, regolato in modo adatto alla mente di ciascun bambino.<\/p>\n<p>La nostra scuola, al contrario, \u00e8 organizzata in ben altro modo, dacch\u00e9 si \u00e8 deciso di raggruppare gli alunni. Essa sa bene che il gruppo ha in s\u00e9 alcune fondamentali peculiarit\u00e0 che favoriscono la crescita intellettuale e sociale. Ce ne siamo accorti da met\u00e0 marzo in qua, di quanto siano importanti le relazioni sociali. Si cresce e si impara con il lavoro individuale, con il lavoro di gruppo e con l\u2019interazione tra le persone della propria classe. Nel contempo la scuola, in questo contesto particolare, educa all\u2019autonomia, all\u2019ascolto, allo scambio di opinioni diverse, alla collaborazione, alla disponibilit\u00e0. \u00c8 la prima base sicura dell\u2019educazione alla cittadinanza, a condizione che la scuola resti un luogo privilegiato dove sia possibile sbagliare senza farsi male.<\/p>\n<p><img loading=\"lazy\" decoding=\"async\" class=\"aligncenter size-full wp-image-5173\" src=\"https:\/\/adolfotomasini.ch\/wordpress\/wp-content\/uploads\/2020\/08\/04-Sbagliare-senza-danni.jpg\" alt=\"\" width=\"800\" height=\"424\" srcset=\"https:\/\/adolfotomasini.ch\/wordpress\/wp-content\/uploads\/2020\/08\/04-Sbagliare-senza-danni.jpg 800w, https:\/\/adolfotomasini.ch\/wordpress\/wp-content\/uploads\/2020\/08\/04-Sbagliare-senza-danni-300x159.jpg 300w, https:\/\/adolfotomasini.ch\/wordpress\/wp-content\/uploads\/2020\/08\/04-Sbagliare-senza-danni-768x407.jpg 768w, https:\/\/adolfotomasini.ch\/wordpress\/wp-content\/uploads\/2020\/08\/04-Sbagliare-senza-danni-600x318.jpg 600w\" sizes=\"auto, (max-width: 800px) 100vw, 800px\" \/><\/p>\n<p>Tuttavia, ogni tanto, si scorda che ogni nuovo apprendimento dev\u2019essere alla portata del proprio sviluppo cognitivo. La pedagogia e, pi\u00f9 in generale, le scienze dell\u2019educazione hanno messo a punto nel corso della loro storia molteplici procedure affinch\u00e9 sia possibile differenziare senza individualizzare. Differenziare, tra tante cose, significa che l\u2019insegnamento di un nuovo concetto sia leggermente superiore a ci\u00f2 che un alunno non \u00e8 in grado di fare da solo, ma che potrebbe riuscire a fare con l\u2019aiuto dell\u2019insegnante.<\/p>\n<p>Insomma, differenziare non significa diventare tutti uguali. Quel verbo della pedagogia non nasconde chiss\u00e0 quale imbroglio. La scuola dell\u2019obbligo non pu\u00f2 essere ridotta a una lunga competizione. Per la formazione dei migliori \u2013 i migliori scienziati, medici, insegnanti, artigiani, imprenditori, informatici, infermieri, architetti \u2013 ci sar\u00e0 tanto tempo a disposizione dopo la fine della scuola obbligatoria. L\u2019importante \u00e8 che ognuno possa arrivarci avendo imparato il massimo di ci\u00f2 che i programmi scolastici prevedano fin l\u00ec, senza sentirsi un reietto o un potenziale premio Nobel. Perch\u00e9 bisogna pur chiedersi se non converrebbe all\u2019intero paese che ogni suo cittadino possa essere considerato il pi\u00f9 bravo nel lavoro che svolge da adulto.<\/p>\n<p><a href=\"http:\/\/caffe.ch\/stories\/cronaca\/66391_la_scuola_luogo_privilegiato_per_sbagliare_senza_danni\/\" target=\"_blank\" rel=\"noopener noreferrer\"><img loading=\"lazy\" decoding=\"async\" class=\"aligncenter size-large wp-image-5170\" src=\"https:\/\/adolfotomasini.ch\/wordpress\/wp-content\/uploads\/2020\/08\/04-Il-caffe\u0300-23-08-2020-1002x1024.jpg\" alt=\"\" width=\"474\" height=\"484\" srcset=\"https:\/\/adolfotomasini.ch\/wordpress\/wp-content\/uploads\/2020\/08\/04-Il-caffe\u0300-23-08-2020-1002x1024.jpg 1002w, https:\/\/adolfotomasini.ch\/wordpress\/wp-content\/uploads\/2020\/08\/04-Il-caffe\u0300-23-08-2020-293x300.jpg 293w, https:\/\/adolfotomasini.ch\/wordpress\/wp-content\/uploads\/2020\/08\/04-Il-caffe\u0300-23-08-2020-768x785.jpg 768w, https:\/\/adolfotomasini.ch\/wordpress\/wp-content\/uploads\/2020\/08\/04-Il-caffe\u0300-23-08-2020-600x613.jpg 600w, https:\/\/adolfotomasini.ch\/wordpress\/wp-content\/uploads\/2020\/08\/04-Il-caffe\u0300-23-08-2020-1503x1536.jpg 1503w, https:\/\/adolfotomasini.ch\/wordpress\/wp-content\/uploads\/2020\/08\/04-Il-caffe\u0300-23-08-2020-2003x2048.jpg 2003w\" sizes=\"auto, (max-width: 474px) 100vw, 474px\" \/><\/a><\/p>\n","protected":false},"excerpt":{"rendered":"<p>Quando si parla di differenziazione dell\u2019insegnamento pare sempre che si voglia uniformare tutto, che l\u2019obiettivo sia quello di portare tutti al medesimo livello, quello pi\u00f9 basso. \u00c8 una delle parole della scuola che ognuno definisce come gli fa comodo. L\u2019unica cosa certa \u00e8 che siamo tutti diversi l\u2019uno dall\u2019altro \u2013 e non mi riferisco alle &hellip; <a href=\"https:\/\/adolfotomasini.ch\/wordpress\/le-aule-restino-un-luogo-privilegiato-dove-sbagliare-ma-senza-farsi-male\/\" class=\"more-link\">Continua la lettura di <span class=\"screen-reader-text\">Le aule restino un luogo privilegiato dove sbagliare ma senza farsi male<\/span> <span class=\"meta-nav\">&rarr;<\/span><\/a><\/p>\n","protected":false},"author":2,"featured_media":0,"comment_status":"open","ping_status":"closed","sticky":false,"template":"","format":"standard","meta":{"footnotes":""},"categories":[35],"tags":[20,21,31,30],"class_list":["post-5171","post","type-post","status-publish","format-standard","hentry","category-il-caffe","tag-educazione-civica","tag-finalita-della-scuola-dellobbligo","tag-indifferenza-alle-differenze","tag-pari-opportunita"],"_links":{"self":[{"href":"https:\/\/adolfotomasini.ch\/wordpress\/wp-json\/wp\/v2\/posts\/5171","targetHints":{"allow":["GET"]}}],"collection":[{"href":"https:\/\/adolfotomasini.ch\/wordpress\/wp-json\/wp\/v2\/posts"}],"about":[{"href":"https:\/\/adolfotomasini.ch\/wordpress\/wp-json\/wp\/v2\/types\/post"}],"author":[{"embeddable":true,"href":"https:\/\/adolfotomasini.ch\/wordpress\/wp-json\/wp\/v2\/users\/2"}],"replies":[{"embeddable":true,"href":"https:\/\/adolfotomasini.ch\/wordpress\/wp-json\/wp\/v2\/comments?post=5171"}],"version-history":[{"count":0,"href":"https:\/\/adolfotomasini.ch\/wordpress\/wp-json\/wp\/v2\/posts\/5171\/revisions"}],"wp:attachment":[{"href":"https:\/\/adolfotomasini.ch\/wordpress\/wp-json\/wp\/v2\/media?parent=5171"}],"wp:term":[{"taxonomy":"category","embeddable":true,"href":"https:\/\/adolfotomasini.ch\/wordpress\/wp-json\/wp\/v2\/categories?post=5171"},{"taxonomy":"post_tag","embeddable":true,"href":"https:\/\/adolfotomasini.ch\/wordpress\/wp-json\/wp\/v2\/tags?post=5171"}],"curies":[{"name":"wp","href":"https:\/\/api.w.org\/{rel}","templated":true}]}}