{"id":5263,"date":"2020-12-31T23:58:13","date_gmt":"2020-12-31T22:58:13","guid":{"rendered":"https:\/\/adolfotomasini.ch\/wordpress\/?p=5263"},"modified":"2022-08-10T17:12:27","modified_gmt":"2022-08-10T15:12:27","slug":"saluti-dal-2020-auguri-per-il-2021","status":"publish","type":"post","link":"https:\/\/adolfotomasini.ch\/wordpress\/saluti-dal-2020-auguri-per-il-2021\/","title":{"rendered":"Saluti dal 2020, auguri per il 2021"},"content":{"rendered":"<p>\u00c8 stato l\u2019anno di Gianni Rodari \u2013 era nato cento anni fa, aveva vinto il premio \u00abAndersen\u00bb nel 1970 ed era morto nel 1980. Ma il 2020 lo ricorderemo per la pandemia.<\/p>\n<h6><strong>L\u2019anno nuovo<\/strong> (Gianni Rodari, 1960).<\/h6>\n<p><em>Indovinami, indovino,<br \/>\ntu che leggi nel destino:<br \/>\nl\u2019anno nuovo come sar\u00e0?<br \/>\nBello, brutto o met\u00e0 e met\u00e0?<br \/>\nTrovo stampato nei miei libroni<br \/>\nche avr\u00e0 di certo quattro stagioni,<br \/>\ndodici mesi, ciascuno al suo posto,<br \/>\nun carnevale e un ferragosto,<br \/>\ne il giorno dopo il luned\u00ec<br \/>\nsar\u00e0 sempre un marted\u00ec.<br \/>\n<\/em><\/p>\n<p><em>Di pi\u00f9 per ora scritto non trovo<br \/>\nnel destino dell\u2019anno nuovo:<br \/>\nper il resto anche quest\u2019anno<br \/>\nsar\u00e0 come gli uomini lo faranno.<\/em><\/p>\n<p>L\u2019augurio finale ci sta tutto, oggi come sessant\u2019anni fa; anche perch\u00e9 in questo indimenticabile 2020, SARS-CoV-2 non ha fatto proprio tutto da solo, molti uomini ci hanno messo del loro per farlo cos\u00ec, e non hanno ancora smesso, tra mezze aperture e mezze chiusure, negazionisti, integralisti e attesa del miracoloso vaccino, che non ha nulla di miracoloso, n\u00e9 di istantaneo.<\/p>\n<blockquote><p>***<\/p><\/blockquote>\n<p>\u00c8 un augurio, quello di Rodari, che assomiglia alle parole che lo scrittore Andrea Fazioli ha lasciato sull\u2019ultimo numero di <em>EXTRA Sette,<\/em> il settimanale allegato al <em>Corriere del Ticino<\/em> ogni venerd\u00ec.<\/p>\n<p><em>Il mio proposito per il 2021 \u00e8 impegnativo: ho deciso di non formulare propositi per l\u2019anno nuovo. Prover\u00f2 a essere attento alle persone, alle cose che mi circondano, e spero di riuscire a improvvisare sugli accordi che il 2021 mi suoner\u00e0. Dal momento che non so quali accordi saranno, non voglio decidere in anticipo la melodia. Mi lascer\u00f2 sorprendere. In fondo, che cosa sarebbe la vita senza sorprese?<\/em><\/p>\n<p>Saggia proposta, <em>sar\u00e0 come gli uomini lo faranno, <\/em>nelle condizioni in cui si troveranno a decidere cosa fare.<\/p>\n<blockquote><p>***<\/p><\/blockquote>\n<p>Le prime restrizioni, nel cantone Ticino, erano cominciate il 9 marzo. Da l\u00ec in poi abbiamo visto e sentito di tutto. Indimenticabile sar\u00e0 l\u2019invito agli anziani \u2013 cio\u00e8 a chi superava i 65 anni \u2013 ad andarsene in letargo per un po\u2019 (e per il loro bene, ovvio) e a stare alla larga dai negozi. Da allora si \u00e8 sentito di tutto.<\/p>\n<p>Ancora recentemente si \u00e8 consigliato agli anziani di andare per negozi nelle prime ore dell\u2019apertura mattutina \u2013 e diversi supermercati hanno anticipato i loro orari.<\/p>\n<p>Abbiamo cos\u00ec scoperto che gli anziani, nell\u2019immaginario sempliciotto di chi ci governa, sono persone che vanno a letto presto, dormono poco e non hanno niente da fare per passare le giornate. Quindi vadano a comperare il pane quand\u2019\u00e8 ancora caldo e croccante (anche se oggi il pane \u00e8 caldo e croccante anche nel tardo pomeriggio).<\/p>\n<blockquote><p>***<\/p><\/blockquote>\n<p>Il 16 marzo hanno chiuso le scuole, con il supporto della \u00abscuola a distanza\u00bb.<\/p>\n<p>L\u201911 maggio le hanno riaperte <em>in presenza:<\/em> \u00e8 stato il giorno pi\u00f9 bello dell\u2019anno. Sul secondo gradino del podio metterei il 31 agosto, quando l\u2019anno scolastico 2020-2021 \u00e8 stato aperto normalmente.<\/p>\n<blockquote><p>***<\/p><\/blockquote>\n<p>Meno bene sta andando per la cultura e per l\u2019arte.<\/p>\n<p>Sul medesimo numero di <em>EXTRA Sette<\/em> appena citato, il direttore d\u2019orchestra Diego Fasolis ha chiosato: <em>A inizio 2020 avevo un\u2019agenda strepitosa con tante date nei maggiori teatri d\u2019Europa. Un microscopico \u00abcoronavirus\u00bb ha fermato e chiuso il Teatro alla Scala il 23 febbraio 2020 e poi tutto il resto. Gli artisti non garantiti sono ridotti alla fame e al silenzio. Centri commerciali affollati e Teatri chiusi. Intanto le persone muoiono, da sole, senza respiro e senza il calore dei parenti. Si capisce che l\u2019Arte, che da sempre estrae dagli esseri umani il meglio di s\u00e9, che li consola e li affratella, non rappresenta pi\u00f9 un valore. Artisti inutili in una societ\u00e0 disorientata e dominata dal Dio denaro. I politici, che da sempre in Svizzera agiscono in acque chete su barche per lo pi\u00f9 attraccate al porto, si trovano ora in acque aperte e burrascose con il brevetto da riva. L\u2019Artista, da sempre in balia dei potenti, ha sviluppato la capacit\u00e0 di sopravvivere e ha un\u2019alta missione. Ci saranno dunque voci e strumenti anche nel 2021! Buon Anno.<\/em><\/p>\n<p>Applaudo.<\/p>\n<blockquote><p>***<\/p><\/blockquote>\n<p>La lettura mi ha tenuto compagnia in questi mesi. Ho letto pi\u00f9 del solito, anche perch\u00e9 sono ormai mesi che non esco pi\u00f9 da Locarno. L\u2019ultima volta \u00e8 stato a Berlino nell\u2019autunno del 2019.<\/p>\n<p>Anche grazie al mio bravo libraio, ho potuto continuare a rifornirmi, malgrado il <em>lockdown<\/em> primaverile. Tra i tanti che mi sono capitati tra le mani, mi piace citarne una quindicina, che mi hanno offerto viaggi bellissimi; li cito nell\u2019ordine in cui li ho letti a partire dall\u20198 marzo: <em>Mara<\/em> (Ritanna Armeni), <em>L\u2019angelo di Monaco<\/em> (Fabiano Massimi), <em>La misura del tempo<\/em> (Gianrico Carofiglio), <em>L\u2019architettrice<\/em> (Melania G. Mazzucco), <em>Prima di noi<\/em> (Giorgio Fontana), <em>L\u2019assassinio del Commendatore<\/em> (Murakami Haruki), <em>Noi<\/em> (Paolo Di Stefano), <em>A proposito di niente<\/em> (Woody Allen), <em>Lo specchio delle nostre miserie<\/em> (Pierre Lemaitre), <em>L\u2019enigma della camera 622<\/em> (Jo\u00ebl Dicker), <em>L\u2019estate di Piera<\/em> (Giampaolo Simi), <em>Terra alta<\/em> (Javier Cercas), <em>M &#8211; L\u2019uomo della provvidenza<\/em> (Antonio Scurati), <em>Nella notte<\/em> (Concita De Gregorio), <em>Una vita come tante<\/em> (Hanya Yanagihara), ancora in lettura.<\/p>\n<blockquote><p>***<\/p><\/blockquote>\n<p>A proposito di arte. Nel dicembre del 2019 avrebbe dovuto esserci la 55\u00aa edizione dei <a href=\"https:\/\/adolfotomasini.ch\/wordpress\/?p=2728\" target=\"_blank\" rel=\"noopener\">Concerti per le scuole<\/a>, manifestazione che avevo organizzato dal 1998. Nelle mie intenzioni doveva essere la \u201cmia\u201d ultima edizione, ma fui costretto ad annullarla, per diverse e importanti ragioni. Avevo gi\u00e0 trovato un successore (meglio: una <em>succeditrice<\/em> giovane, entusiasta e bravissima). Va da s\u00e9: la sua prima edizione, che avrebbe dovuto tenersi due o tre settimane fa, non \u00e8 neanche stata progettata: tutto chiuso gi\u00e0 da marzo, senza prospettive ancora a inizio estate.<\/p>\n<p>Analogamente \u00e8 saltato anche l\u2019appuntamento con \u00abPiazzaparola\u00bb, manifestazione letteraria che si rivolgeva agli allievi del II ciclo della scuola elementare. Aveva esordito al castello visconteo di Locarno nel settembre del 2013 con Giovanni Boccaccio, per poi proseguire, anno dopo anno, con Leonardo da Vinci e Ovidio; poi Don Chisciotte, Don Giovanni, Anne Frank e Frankenstein. Quest\u2019ultimo avrebbe dovuto andare in scena anche a Lugano, in aprile\u2026 Niente da fare, cos\u00ec come il progetto per il settembre scorso.<\/p>\n<hr \/>\n<p>Quali desideri per il nuovo anno?<\/p>\n<p>Per rifarsi a Rodari: sar\u00e0 come gli uomini e le donne lo faranno, o lo devasteranno; sapendo che non dipender\u00e0 solo dai singoli (ma anche da loro).<\/p>\n<p><strong><span style=\"color: #ff6600;\">Buon anno<\/span><\/strong> (con Diego Fasolis) <span style=\"color: #ff6600;\"><strong>e lasciamoci sorprendere<\/strong><\/span> (con Andrea Fazioli).<\/p>\n<p>Prima o poi anche le truppe del generale Covid avranno la loro Little Bighorn: d<em>i pi\u00f9, per ora, scritto non trovo nel destino dell\u2019anno nuovo: per il resto, anche quest\u2019anno sar\u00e0 come gli uomini lo faranno.<\/em><\/p>\n","protected":false},"excerpt":{"rendered":"<p>\u00c8 stato l\u2019anno di Gianni Rodari \u2013 era nato cento anni fa, aveva vinto il premio \u00abAndersen\u00bb nel 1970 ed era morto nel 1980. Ma il 2020 lo ricorderemo per la pandemia. L\u2019anno nuovo (Gianni Rodari, 1960). Indovinami, indovino, tu che leggi nel destino: l\u2019anno nuovo come sar\u00e0? Bello, brutto o met\u00e0 e met\u00e0? Trovo &hellip; <a href=\"https:\/\/adolfotomasini.ch\/wordpress\/saluti-dal-2020-auguri-per-il-2021\/\" class=\"more-link\">Continua la lettura di <span class=\"screen-reader-text\">Saluti dal 2020, auguri per il 2021<\/span> <span class=\"meta-nav\">&rarr;<\/span><\/a><\/p>\n","protected":false},"author":2,"featured_media":0,"comment_status":"open","ping_status":"closed","sticky":false,"template":"","format":"standard","meta":{"footnotes":""},"categories":[3],"tags":[],"class_list":["post-5263","post","type-post","status-publish","format-standard","hentry","category-attualita"],"_links":{"self":[{"href":"https:\/\/adolfotomasini.ch\/wordpress\/wp-json\/wp\/v2\/posts\/5263","targetHints":{"allow":["GET"]}}],"collection":[{"href":"https:\/\/adolfotomasini.ch\/wordpress\/wp-json\/wp\/v2\/posts"}],"about":[{"href":"https:\/\/adolfotomasini.ch\/wordpress\/wp-json\/wp\/v2\/types\/post"}],"author":[{"embeddable":true,"href":"https:\/\/adolfotomasini.ch\/wordpress\/wp-json\/wp\/v2\/users\/2"}],"replies":[{"embeddable":true,"href":"https:\/\/adolfotomasini.ch\/wordpress\/wp-json\/wp\/v2\/comments?post=5263"}],"version-history":[{"count":0,"href":"https:\/\/adolfotomasini.ch\/wordpress\/wp-json\/wp\/v2\/posts\/5263\/revisions"}],"wp:attachment":[{"href":"https:\/\/adolfotomasini.ch\/wordpress\/wp-json\/wp\/v2\/media?parent=5263"}],"wp:term":[{"taxonomy":"category","embeddable":true,"href":"https:\/\/adolfotomasini.ch\/wordpress\/wp-json\/wp\/v2\/categories?post=5263"},{"taxonomy":"post_tag","embeddable":true,"href":"https:\/\/adolfotomasini.ch\/wordpress\/wp-json\/wp\/v2\/tags?post=5263"}],"curies":[{"name":"wp","href":"https:\/\/api.w.org\/{rel}","templated":true}]}}