{"id":5280,"date":"2021-01-24T16:37:35","date_gmt":"2021-01-24T15:37:35","guid":{"rendered":"https:\/\/adolfotomasini.ch\/wordpress\/?p=5280"},"modified":"2021-01-24T16:37:35","modified_gmt":"2021-01-24T15:37:35","slug":"per-scegliere-in-liberta-cosa-fare-da-grande","status":"publish","type":"post","link":"https:\/\/adolfotomasini.ch\/wordpress\/per-scegliere-in-liberta-cosa-fare-da-grande\/","title":{"rendered":"Per scegliere in libert\u00e0 cosa fare da grande"},"content":{"rendered":"<p>Fino a cinquant\u2019anni fa, e da pi\u00f9 di un secolo, in Ticino esistevano solo tre scuole medie superiori: il liceo a Lugano, la scuola magistrale a Locarno e la scuola di commercio a Bellinzona. \u00c8 negli anni \u201970 che accade la rivoluzione, che render\u00e0 concreta la democratizzazione degli studi attraverso l\u2019istituzione della scuola media unica e la creazione dei licei di Bellinzona, Locarno e Mendrisio. \u00c8 curioso constatare che, nel frattempo, la scuola magistrale \u00e8 sparita e che la formazione degli insegnanti, diventata post-liceale, \u00e8 ora affidata alla Scuola universitaria professionale della Svizzera italiana (SUPSI).<\/p>\n<figure id=\"attachment_5283\" aria-describedby=\"caption-attachment-5283\" style=\"width: 800px\" class=\"wp-caption aligncenter\"><img loading=\"lazy\" decoding=\"async\" class=\"size-full wp-image-5283\" src=\"https:\/\/adolfotomasini.ch\/wordpress\/wp-content\/uploads\/2021\/01\/Liceo-di-Lugano.jpg\" alt=\"\" width=\"800\" height=\"394\" srcset=\"https:\/\/adolfotomasini.ch\/wordpress\/wp-content\/uploads\/2021\/01\/Liceo-di-Lugano.jpg 800w, https:\/\/adolfotomasini.ch\/wordpress\/wp-content\/uploads\/2021\/01\/Liceo-di-Lugano-300x148.jpg 300w, https:\/\/adolfotomasini.ch\/wordpress\/wp-content\/uploads\/2021\/01\/Liceo-di-Lugano-768x378.jpg 768w, https:\/\/adolfotomasini.ch\/wordpress\/wp-content\/uploads\/2021\/01\/Liceo-di-Lugano-600x296.jpg 600w\" sizes=\"auto, (max-width: 800px) 100vw, 800px\" \/><figcaption id=\"caption-attachment-5283\" class=\"wp-caption-text\">Lo storico palazzo che accoglie ancor oggi il Liceo cantonale di Lugano 1 (immagine tratta da <a href=\"https:\/\/www.liceolugano.ch\/index.php\/il-liceo\/storia-del-liceo\" target=\"_blank\" rel=\"noopener\">La storia del liceo cantonale<\/a>).<\/figcaption><\/figure>\n<p>Ma lo sviluppo pi\u00f9 straordinario \u00e8 avvenuto a livello di formazione professionale, che conta oggi una variet\u00e0 di specializzazioni altissima, da quelle pi\u00f9 tradizionali a tante altre di pi\u00f9 recente creazione. Ci\u00f2 mette in risalto una grande capacit\u00e0 di adattamento alla realt\u00e0 professionale e di reattivit\u00e0 alle sfide di un mondo del lavoro in rapida e continua evoluzione. Il settore della formazione professionale, insomma, \u00e8 l\u2019assioma di chi ci avverte che fra vent\u2019anni i neonati del 2020 faranno un mestiere che non esiste ancora \u2013 senza scordare che lo si diceva gi\u00e0 trent\u2019anni fa. A ci\u00f2 si aggiunga che molte di queste formazioni specializzate possono portare al conseguimento della maturit\u00e0 professionale, che consente l\u2019accesso a un\u2019ulteriore qualifica in istituti formativi di livello universitario. Il settore della formazione professionale \u00e8 ormai diventato una costellazione scintillante, vivace, curiosa e rigorosa, che non ha proprio nulla da invidiare al pi\u00f9 blasonato liceo.<\/p>\n<p><a href=\"https:\/\/www4.ti.ch\/decs\/dfp\/divisione\/\" target=\"_blank\" rel=\"noopener\"><img loading=\"lazy\" decoding=\"async\" class=\"aligncenter size-full wp-image-5289\" src=\"https:\/\/adolfotomasini.ch\/wordpress\/wp-content\/uploads\/2021\/01\/Maturita\u0300-professionale.jpg\" alt=\"\" width=\"610\" height=\"614\" srcset=\"https:\/\/adolfotomasini.ch\/wordpress\/wp-content\/uploads\/2021\/01\/Maturita\u0300-professionale.jpg 610w, https:\/\/adolfotomasini.ch\/wordpress\/wp-content\/uploads\/2021\/01\/Maturita\u0300-professionale-298x300.jpg 298w, https:\/\/adolfotomasini.ch\/wordpress\/wp-content\/uploads\/2021\/01\/Maturita\u0300-professionale-150x150.jpg 150w, https:\/\/adolfotomasini.ch\/wordpress\/wp-content\/uploads\/2021\/01\/Maturita\u0300-professionale-600x604.jpg 600w\" sizes=\"auto, (max-width: 610px) 100vw, 610px\" \/><\/a><\/p>\n<p>Non \u00e8 una novit\u00e0 che da diverso tempo c\u2019\u00e8 chi segnala una percezione fuorviante delle formazioni possibili al termine della scolarit\u00e0 obbligatoria. Il consigliere di stato Gabriele Gendotti, gi\u00e0 nel 2003, si chiedeva se non occorresse \u00absostenere maggiormente la via di una formazione professionale ancora troppo spesso (e a torto!) ritenuta di serie B\u00bb. E il parlamentare Nicola Pini, nel 2014, rimarcava come \u00abLa conoscenza \u00e8 una virt\u00f9 fondamentale e una premessa di libert\u00e0, un bene che \u00e8 a prova di furto. Ma i percorsi formativi sono percorribili e di qualit\u00e0 anche in campo professionale\u00bb.<\/p>\n<p>\u00c8 il settimanale della RSI \u00abFal\u00f2\u00bb che, nel 2019, aveva messo qualche puntino sulle i, affermando senza giri di parole che \u00abChi ha una licenza con i livelli B, dopo la scuola dell\u2019obbligo si trova di fronte molte porte chiuse, fra cui anche quelle dell\u2019apprendistato. A essere colpiti maggiormente \u2013 continuava il servizio \u2013 sono i giovani con origine sociale bassa\u00bb oltre a quelle centinaia \u00abche sono a casa \u201ca far nulla\u201d, che hanno smesso di studiare e di cercare un impiego\u00bb.<\/p>\n<p>In effetti il nodo centrale \u00e8 l\u00ec, nella scuola media, che funziona come se fosse il vecchio ginnasio, quasi che fossero ancora vive le intenzioni dei suoi fondatori di met\u00e0 \u2019800: preparare e selezionare chi avrebbe frequentato il liceo, per diventare avvocato, medico, architetto, ingegnere.<\/p>\n<p>Purtroppo i meccanismi di selezione della scuola dell\u2019obbligo continuano imperterriti a tenere in vita un\u2019idea obsoleta. Invece, e pi\u00f9 correttamente, oggi servirebbe una scuola capace di dare a tutti la pi\u00f9 solida base culturale che chiunque possa ragionevolmente raggiungere a quell\u2019et\u00e0. Solo cos\u00ec ognuno sar\u00e0 in grado di scegliere la formazione post-obbligatoria che riterr\u00e0 pi\u00f9 idonea e vicina ai suoi interessi e alle competenza fin l\u00ec acquisite. Una scelta che sarebbe vantaggiosa per tutto il paese.<\/p>\n","protected":false},"excerpt":{"rendered":"<p>Fino a cinquant\u2019anni fa, e da pi\u00f9 di un secolo, in Ticino esistevano solo tre scuole medie superiori: il liceo a Lugano, la scuola magistrale a Locarno e la scuola di commercio a Bellinzona. \u00c8 negli anni \u201970 che accade la rivoluzione, che render\u00e0 concreta la democratizzazione degli studi attraverso l\u2019istituzione della scuola media unica &hellip; <a href=\"https:\/\/adolfotomasini.ch\/wordpress\/per-scegliere-in-liberta-cosa-fare-da-grande\/\" class=\"more-link\">Continua la lettura di <span class=\"screen-reader-text\">Per scegliere in libert\u00e0 cosa fare da grande<\/span> <span class=\"meta-nav\">&rarr;<\/span><\/a><\/p>\n","protected":false},"author":2,"featured_media":0,"comment_status":"open","ping_status":"closed","sticky":false,"template":"","format":"standard","meta":{"footnotes":""},"categories":[35],"tags":[21,31,30,15],"class_list":["post-5280","post","type-post","status-publish","format-standard","hentry","category-il-caffe","tag-finalita-della-scuola-dellobbligo","tag-indifferenza-alle-differenze","tag-pari-opportunita","tag-valutazione"],"_links":{"self":[{"href":"https:\/\/adolfotomasini.ch\/wordpress\/wp-json\/wp\/v2\/posts\/5280","targetHints":{"allow":["GET"]}}],"collection":[{"href":"https:\/\/adolfotomasini.ch\/wordpress\/wp-json\/wp\/v2\/posts"}],"about":[{"href":"https:\/\/adolfotomasini.ch\/wordpress\/wp-json\/wp\/v2\/types\/post"}],"author":[{"embeddable":true,"href":"https:\/\/adolfotomasini.ch\/wordpress\/wp-json\/wp\/v2\/users\/2"}],"replies":[{"embeddable":true,"href":"https:\/\/adolfotomasini.ch\/wordpress\/wp-json\/wp\/v2\/comments?post=5280"}],"version-history":[{"count":0,"href":"https:\/\/adolfotomasini.ch\/wordpress\/wp-json\/wp\/v2\/posts\/5280\/revisions"}],"wp:attachment":[{"href":"https:\/\/adolfotomasini.ch\/wordpress\/wp-json\/wp\/v2\/media?parent=5280"}],"wp:term":[{"taxonomy":"category","embeddable":true,"href":"https:\/\/adolfotomasini.ch\/wordpress\/wp-json\/wp\/v2\/categories?post=5280"},{"taxonomy":"post_tag","embeddable":true,"href":"https:\/\/adolfotomasini.ch\/wordpress\/wp-json\/wp\/v2\/tags?post=5280"}],"curies":[{"name":"wp","href":"https:\/\/api.w.org\/{rel}","templated":true}]}}