{"id":5358,"date":"2021-04-21T18:24:25","date_gmt":"2021-04-21T16:24:25","guid":{"rendered":"https:\/\/adolfotomasini.ch\/wordpress\/?p=5358"},"modified":"2021-04-22T10:46:00","modified_gmt":"2021-04-22T08:46:00","slug":"scuola-democrazia-educazione","status":"publish","type":"post","link":"https:\/\/adolfotomasini.ch\/wordpress\/scuola-democrazia-educazione\/","title":{"rendered":"Scuola, democrazia, educazione"},"content":{"rendered":"<p><img loading=\"lazy\" decoding=\"async\" class=\"aligncenter wp-image-5357\" src=\"https:\/\/adolfotomasini.ch\/wordpress\/wp-content\/uploads\/2021\/04\/Dewey-Education-is.jpg\" alt=\"\" width=\"556\" height=\"225\" srcset=\"https:\/\/adolfotomasini.ch\/wordpress\/wp-content\/uploads\/2021\/04\/Dewey-Education-is.jpg 398w, https:\/\/adolfotomasini.ch\/wordpress\/wp-content\/uploads\/2021\/04\/Dewey-Education-is-300x121.jpg 300w\" sizes=\"auto, (max-width: 556px) 100vw, 556px\" \/><\/p>\n<p>Il titolo di questo post fa l\u2019occhiolino al fondamentale libro di John Dewey (1859-1952) <em>Democracy and Education: an introduction to the philosophy of education<\/em> (1916, New York, The Macmillans Company), pubblicato per la prima volta in italiano nel 1949 dalla casa editrice La Nuova Italia, nella traduzione di Enzo Enriques Agnoletti e Paolo Paduano. Scriveva lo stesso Dewey nella prefazione, datata agosto 1915 (Columbia University, New York):<\/p>\n<blockquote>\n<p style=\"padding-left: 40px;\">Le seguenti pagine contengono un tentativo di scoprire ed esporre le idee irnplicite in una societ\u00e0 democratica e di applicare queste idee ai problemi del compito educativo. La discussione include un\u2019indicazione degli scopi costruttivi e dei metodi dell\u2019educazione pubblica osservati da questo punto di vista, e una valutazione critica delle teorie della conoscenza e dello sviluppo morale che erano state formulate in precedenti condizioni sociali, ma che ancora agiscono, in societ\u00e0 nominalmente democratiche, per ostacolare l\u2019adeguata realizzazione dell\u2019ideale democratico.<\/p>\n<p style=\"padding-left: 40px;\">Come apparir\u00e0 dal libro stesso, la filosofia esposta in esso collega lo sviluppo della democrazia con quello del metodo sperimentale nelle scienze, con le idee evoluzionistiche nelle scienze biologiche, e con la riorganizzazione industriale allo scopo di far notare i cambiamenti che questi svolgimenti recano con s\u00e9 nell\u2019oggetto e nel metodo dell\u2019educazione.<\/p>\n<\/blockquote>\n<p>Mi \u00e8 sembrato un spunto interessante \u2013 poco pi\u00f9 di una citazione a mo\u2019 di omaggio \u2013 per segnalare due libri di recente pubblicazione, dopo che, nel marzo dello scorso anno, <a href=\"https:\/\/adolfotomasini.ch\/wordpress\/?p=5075\" target=\"_blank\" rel=\"noopener\">avevo gi\u00e0 segnalato<\/a> la traduzione italiana di <em><a href=\"https:\/\/www.meirieu.com\/LIVRES\/la-riposte.htm\" target=\"_blank\" rel=\"noopener\">La Riposte. \u00c9coles alternatives, neurosciences et bonnes vieilles m\u00e9thodes : pour en finir avec les miroirs aux alouettes<\/a><\/em> (Philippe Meirieu, 2018, Autrement \u00c9diteur).<\/p>\n<p>Nel frattempo sono apparsi due nuovi volumi di grande interesse. Il primo, ancora di Philippe Meirieu, ha per titolo <em><a href=\"https:\/\/www.meirieu.com\/LIVRES\/ce-que-lecole-peut-encore-pour-la-democratie.htm\" target=\"_blank\" rel=\"noopener\">Ce que l\u2019\u00e9cole peut encore pour la d\u00e9mocratie. Deux ou trois choses que je sais (peut-\u00eatre) de l\u2019\u00e9ducation et de la p\u00e9dagogie<\/a>,<\/em> (2020, Autrement \u00c9diteur).<\/p>\n<p>Il secondo, di ENRICO BOTTERO, \u00e8 <em><a href=\"https:\/\/www.armandoeditore.it\/catalogo\/pedagogia-cooperativa\/\" target=\"_blank\" rel=\"noopener\">Pedagogia cooperativa. Le pratiche Freinet per la scuola di oggi<\/a><\/em> (2021, Armando Editore).<\/p>\n<p>Nello stesso solco troviamo pure il seminario online organizzato il 14 aprile scorso dall\u2019editore Armando: <em>Incontro con Philippe Meirieu<\/em> sul tema <em>Quale educazione per affrontare le sfide del mondo attuale e preparare quello di domani<\/em> (traduzione online di Enrico Bottero).<\/p>\n<p>La registrazione dell\u2019incontro \u00e8 in YouTube (<a href=\"https:\/\/www.youtube.com\/watch?v=C-_7t_EyJto\" target=\"_blank\" rel=\"noopener\">Incontro con Philippe Meirieu<\/a>).<\/p>\n","protected":false},"excerpt":{"rendered":"<p>Il titolo di questo post fa l\u2019occhiolino al fondamentale libro di John Dewey (1859-1952) Democracy and Education: an introduction to the philosophy of education (1916, New York, The Macmillans Company), pubblicato per la prima volta in italiano nel 1949 dalla casa editrice La Nuova Italia, nella traduzione di Enzo Enriques Agnoletti e Paolo Paduano. Scriveva &hellip; <a href=\"https:\/\/adolfotomasini.ch\/wordpress\/scuola-democrazia-educazione\/\" class=\"more-link\">Continua la lettura di <span class=\"screen-reader-text\">Scuola, democrazia, educazione<\/span> <span class=\"meta-nav\">&rarr;<\/span><\/a><\/p>\n","protected":false},"author":2,"featured_media":0,"comment_status":"open","ping_status":"closed","sticky":false,"template":"","format":"standard","meta":{"footnotes":""},"categories":[3,10],"tags":[24,21,12],"class_list":["post-5358","post","type-post","status-publish","format-standard","hentry","category-attualita","category-segnalazioni","tag-etica-della-scuola","tag-finalita-della-scuola-dellobbligo","tag-regole-del-gioco"],"_links":{"self":[{"href":"https:\/\/adolfotomasini.ch\/wordpress\/wp-json\/wp\/v2\/posts\/5358","targetHints":{"allow":["GET"]}}],"collection":[{"href":"https:\/\/adolfotomasini.ch\/wordpress\/wp-json\/wp\/v2\/posts"}],"about":[{"href":"https:\/\/adolfotomasini.ch\/wordpress\/wp-json\/wp\/v2\/types\/post"}],"author":[{"embeddable":true,"href":"https:\/\/adolfotomasini.ch\/wordpress\/wp-json\/wp\/v2\/users\/2"}],"replies":[{"embeddable":true,"href":"https:\/\/adolfotomasini.ch\/wordpress\/wp-json\/wp\/v2\/comments?post=5358"}],"version-history":[{"count":0,"href":"https:\/\/adolfotomasini.ch\/wordpress\/wp-json\/wp\/v2\/posts\/5358\/revisions"}],"wp:attachment":[{"href":"https:\/\/adolfotomasini.ch\/wordpress\/wp-json\/wp\/v2\/media?parent=5358"}],"wp:term":[{"taxonomy":"category","embeddable":true,"href":"https:\/\/adolfotomasini.ch\/wordpress\/wp-json\/wp\/v2\/categories?post=5358"},{"taxonomy":"post_tag","embeddable":true,"href":"https:\/\/adolfotomasini.ch\/wordpress\/wp-json\/wp\/v2\/tags?post=5358"}],"curies":[{"name":"wp","href":"https:\/\/api.w.org\/{rel}","templated":true}]}}