{"id":746,"date":"2012-11-17T21:33:03","date_gmt":"2012-11-17T22:33:03","guid":{"rendered":"http:\/\/adolfotomasini.ch\/?p=746"},"modified":"2012-11-17T21:33:03","modified_gmt":"2012-11-17T22:33:03","slug":"sogno-anchio-uno-sciopero-generale","status":"publish","type":"post","link":"https:\/\/adolfotomasini.ch\/wordpress\/sogno-anchio-uno-sciopero-generale\/","title":{"rendered":"Sogno anch\u2019io uno sciopero generale!"},"content":{"rendered":"<p>In questi giorni di agitazione sindacale per protestare contro l\u2019ormai noto taglio salariale del 2%, anch\u2019io sogno uno sciopero generale, bench\u00e9, come mezzo di pressione, sia ben distante dalla mia cultura politica, cos\u00ec come i cortei e le manifestazione di piazza, coi loro striscioni, gli slogan e tante pecore a far massa. Anzi: sogno addirittura una bella Costituente, che sappia rifondare la nostra scuola da cima a fondo. Bisogna farsene un baffo di quelli che sembrano i capisaldi del restauro della scuola, come ad esempio l\u2019immarcescibile numero di allievi per classe, che da tanti decenni non \u00e8 mai abbastanza esiguo. Credo che sia pi\u00f9 che mai urgente abbattere questo ancien r\u00e9gime che dura da mezzo secolo e che tenta di risolvere i problemi chiudendo gli occhi davanti a un monarca sempre pi\u00f9 nudo e impudico, questo re adulato e assediato da associazioni di categoria e sindacati e politici che, davanti a ogni problema grande o piccolo, inventano una leggina, un regolamento, una direttiva: che vanno a ingrassare un corpus di leggi scolastiche desuete, intricate, contraddittorie e in gran parte disattese.<br \/>\nComincerei col separare quel che compete alla scuola e ai suoi insegnanti, che restano il fulcro attorno al quale ruotano la loro libert\u00e0 e la capacit\u00e0 di insegnare e educare, da ci\u00f2 di cui la scuola non pu\u00f2 continuare a occuparsi. \u00c8 sacrosanto che negli ultimi decenni \u00e8 cresciuta a dismisura la necessit\u00e0 che i maestri si accollino ruoli extra. I docenti devono trasformarsi in assistenti sociali, psicologi, amministratori e surrogati dei genitori. Non va bene. Essi devono conoscere ci\u00f2 che devono insegnare e, nel contempo, devono padroneggiare le competenze per insegnarle bene al maggior numero possibile di allievi. E basta. Richiesto di spiegare sinteticamente quale fosse il segreto dell\u2019efficace scuola finlandese, un insegnante del paese dei mille laghi afferm\u00f2: \u00abTeachers teach\u00bb, i maestri insegnano. Eccolo, il segreto. Ma per poter svolgere bene questa bellissima professione occorrono le condizioni appropriate: in questo mondo sempre pi\u00f9 globalizzante e omologante, non \u00e8 pi\u00f9 possibile entrare in classe come stralunati cacciatori di farfalle, in braghe corte e col retino in mano.<br \/>\nE poi cosa insegnare? Ecco un secondo aspetto basilare. Assieme a tutto il proliferare di leggi e leggine, bisogna dare alle fiamme anche i corposi programmi della scuola dell\u2019obbligo, sfrondandoli ed eliminando tutta la legna verde che li appesantisce inutilmente, fornendo gli alibi per le pi\u00f9 malevole selezioni, che quasi sempre bastonano i pi\u00f9 deboli. Serve una scuola che riesca davvero a educare cittadini che sanno pensare, che padroneggiano la lingua italiana e gli elementi fondamentali della matematica, che sono in grado di esprimersi nelle altre lingue nazionali (s\u00ec, d\u2019accordo, mettiamoci pure anche l\u2019inglese). E che hanno gli strumenti &#8211; storici, artistici, scientifici, \u2026 &#8211; per capire il mondo i cui vivono, per farlo proprio e per contribuire in prima persona a migliorarlo, rendendo sempre pi\u00f9 salda la democrazia.<br \/>\nA scanso di equivoci, meglio dirlo schiettamente: non vagheggio nessuna restaurazione. Quello sarebbe un incubo. Invece il mio \u00e8 solo un sogno e, come tutti i sogni, non si realizzer\u00e0: perch\u00e9 questo mondo non \u00e8 una favola, in cui i rospi aspettano solo un bacio per trasformarsi in principi e principesse. Invece, per mia fortuna, sognare \u00e8 ancora un\u2019occupazione lecita, anarchica e gratuita.<\/p>\n","protected":false},"excerpt":{"rendered":"<p>In questi giorni di agitazione sindacale per protestare contro l\u2019ormai noto taglio salariale del 2%, anch\u2019io sogno uno sciopero generale, bench\u00e9, come mezzo di pressione, sia ben distante dalla mia cultura politica, cos\u00ec come i cortei e le manifestazione di piazza, coi loro striscioni, gli slogan e tante pecore a far massa. Anzi: sogno addirittura &hellip; <a href=\"https:\/\/adolfotomasini.ch\/wordpress\/sogno-anchio-uno-sciopero-generale\/\" class=\"more-link\">Continua la lettura di <span class=\"screen-reader-text\">Sogno anch\u2019io uno sciopero generale!<\/span> <span class=\"meta-nav\">&rarr;<\/span><\/a><\/p>\n","protected":false},"author":2,"featured_media":0,"comment_status":"open","ping_status":"closed","sticky":false,"template":"","format":"standard","meta":{"footnotes":""},"categories":[5],"tags":[],"class_list":["post-746","post","type-post","status-publish","format-standard","hentry","category-fuori-dallaula"],"_links":{"self":[{"href":"https:\/\/adolfotomasini.ch\/wordpress\/wp-json\/wp\/v2\/posts\/746","targetHints":{"allow":["GET"]}}],"collection":[{"href":"https:\/\/adolfotomasini.ch\/wordpress\/wp-json\/wp\/v2\/posts"}],"about":[{"href":"https:\/\/adolfotomasini.ch\/wordpress\/wp-json\/wp\/v2\/types\/post"}],"author":[{"embeddable":true,"href":"https:\/\/adolfotomasini.ch\/wordpress\/wp-json\/wp\/v2\/users\/2"}],"replies":[{"embeddable":true,"href":"https:\/\/adolfotomasini.ch\/wordpress\/wp-json\/wp\/v2\/comments?post=746"}],"version-history":[{"count":0,"href":"https:\/\/adolfotomasini.ch\/wordpress\/wp-json\/wp\/v2\/posts\/746\/revisions"}],"wp:attachment":[{"href":"https:\/\/adolfotomasini.ch\/wordpress\/wp-json\/wp\/v2\/media?parent=746"}],"wp:term":[{"taxonomy":"category","embeddable":true,"href":"https:\/\/adolfotomasini.ch\/wordpress\/wp-json\/wp\/v2\/categories?post=746"},{"taxonomy":"post_tag","embeddable":true,"href":"https:\/\/adolfotomasini.ch\/wordpress\/wp-json\/wp\/v2\/tags?post=746"}],"curies":[{"name":"wp","href":"https:\/\/api.w.org\/{rel}","templated":true}]}}